{"id":26600,"date":"2021-07-14T12:48:36","date_gmt":"2021-07-14T10:48:36","guid":{"rendered":"https:\/\/www.medespoir.fr\/blog\/oceane-elhimer-la-sua-foto-prima-della-chirurgia-plastica-infiamma-i-social-network\/"},"modified":"2021-07-14T12:48:36","modified_gmt":"2021-07-14T10:48:36","slug":"oceane-elhimer-la-sua-foto-prima-della-chirurgia-plastica-infiamma-i-social-network","status":"publish","type":"post","link":"https:\/\/www.medespoir.fr\/it\/blog\/oceane-elhimer-la-sua-foto-prima-della-chirurgia-plastica-infiamma-i-social-network\/","title":{"rendered":"Oc\u00e9ane Elhimer, la sua foto prima della chirurgia plastica infiamma i social network!"},"content":{"rendered":"<p>Nell&#8217;ambito dei reality francesi, la chirurgia plastica \u00e8 diventata una prassi comune. La maggior parte dei candidati ha ceduto alla tentazione del bisturi. Alcuni sono diventati completamente irriconoscibili. Attualmente, <strong>Oc\u00e9ane Elhimer<\/strong> \u00e8 oggetto di numerose polemiche sui social network per una foto che la ritrae prima degli interventi di chirurgia estetica.<\/p>\n<p style=\"text-align: center;\"><img fetchpriority=\"high\" decoding=\"async\" class=\"alignnone size-full\" src=\"https:\/\/www.medespoir.fr\/wp-content\/uploads\/2021\/07\/oceane-el-himer-avant-la-chirurgie-esthetique.png\" alt=\"oceano-elhimer-prima-dell'intervento di bellezza\" width=\"521\" height=\"293\"><\/p>\n<h2>Oc\u00e9ane Elhimer, appassionata di chirurgia plastica!<\/h2>\n<p>Dalla sua prima apparizione nel reality show, la giovane candidata \u00e8 cambiata molto. La bella brunetta \u00e8 diventata addirittura sconosciuta alla maggior parte degli utenti di Internet. Di conseguenza, i suoi detrattori hanno messo in evidenza questa sorprendente metamorfosi sui social network. Mercoled\u00ec 7 luglio, un utente di Internet ha realizzato un montaggio contenente foto prima e dopo della giovane candidata. Si \u00e8 scoperto che in 4 anni Oc\u00e9ane Elhimer ha ritoccato tutte le parti del suo corpo. In seguito a questo montaggio, la candidata non ha smesso di ricevere aspre critiche riguardo al suo abuso di chirurgia plastica.<\/p>\n<p>Molti utenti di Internet la trovano molto pi\u00f9 bella quando ha una bellezza naturale. Come i suoi colleghi, Oc\u00e9ane Elhimer si \u00e8 lasciata andare. Oggi \u00e8 una delle concorrenti pi\u00f9 trasformate del reality. Sul web, il candidato viene duramente criticato. Ricordando che Oc\u00e9ane ha sempre voluto rimanere discreta sui suoi interventi estetici. Tuttavia, queste foto prima e dopo mostrano che si \u00e8 sottoposta a diversi interventi estetici. Il risultato non pu\u00f2 essere discreto. Lungi dal sedurre i fan, Oc\u00e9ane Elhimer si \u00e8 ritrovata ad essere individuata. La sua trasformazione fisica \u00e8 davvero sconvolgente. Non si tratta solo di ritocchi. La candidata si \u00e8 rifatta il look. Sui social network alcuni confermano che assomiglia a un clando del Messico o addirittura a Tata Rachel.<\/p>\n<h2>Oc\u00e9ane Elhimer parla!<\/h2>\n<p>Stanca delle critiche aspre e offensive che continua a ricevere, la candidata ha deciso di parlare con i suoi fan per mettere le cose in chiaro. In effetti, la bella bruna non ha parlato troppo dei suoi <a href=\"https:\/\/www.medespoir.fr\/chirurgie-esthetique-lyon\/\">interventi estetici<\/a>. Si \u00e8 assicurata di far sapere ai suoi critici che \u00e8 responsabile delle sue scelte. Se volesse avere un aspetto simile, \u00e8 semplicemente una decisione che spetta a lei. In altre parole, la giovane candidata ha fatto sapere che solo lei \u00e8 responsabile delle sue azioni.<\/p>\n","protected":false},"excerpt":{"rendered":"<p>Nell&#8217;ambito dei reality francesi, la chirurgia plastica \u00e8 diventata una prassi comune. La maggior parte dei candidati ha ceduto alla [&hellip;]<\/p>\n","protected":false},"author":1,"featured_media":16529,"comment_status":"closed","ping_status":"closed","sticky":false,"template":"","format":"standard","meta":{"footnotes":""},"categories":[127],"tags":[],"class_list":["post-26600","post","type-post","status-publish","format-standard","has-post-thumbnail","hentry","category-star-della-chirurgia-plastica"],"yoast_head":"<!-- This site is optimized with the Yoast SEO plugin v27.5 - https:\/\/yoast.com\/product\/yoast-seo-wordpress\/ -->\n<title>Oc\u00e9ane ElHimer prima della chirurgia plastica: lo shock dei fan<\/title>\n<meta name=\"description\" content=\"Attualmente, Oc\u00e9ane Elhimer \u00e8 oggetto di numerose polemiche sui social network per una foto che la ritrae prima degli interventi di chirurgia estetica.\" \/>\n<meta name=\"robots\" content=\"index, follow, max-snippet:-1, max-image-preview:large, max-video-preview:-1\" \/>\n<link rel=\"canonical\" href=\"https:\/\/www.medespoir.fr\/it\/blog\/oceane-elhimer-la-sua-foto-prima-della-chirurgia-plastica-infiamma-i-social-network\/\" \/>\n<meta name=\"twitter:label1\" content=\"Scritto da\" \/>\n\t<meta name=\"twitter:data1\" content=\"Varden David\" \/>\n\t<meta name=\"twitter:label2\" content=\"Tempo di lettura stimato\" \/>\n\t<meta name=\"twitter:data2\" content=\"2 minuti\" \/>\n<script type=\"application\/ld+json\" class=\"yoast-schema-graph\">{\"@context\":\"https:\\\/\\\/schema.org\",\"@graph\":[{\"@type\":[\"Article\",\"BlogPosting\"],\"@id\":\"https:\\\/\\\/www.medespoir.fr\\\/it\\\/blog\\\/oceane-elhimer-la-sua-foto-prima-della-chirurgia-plastica-infiamma-i-social-network\\\/#article\",\"isPartOf\":{\"@id\":\"https:\\\/\\\/www.medespoir.fr\\\/it\\\/blog\\\/oceane-elhimer-la-sua-foto-prima-della-chirurgia-plastica-infiamma-i-social-network\\\/\"},\"author\":{\"name\":\"Varden David\",\"@id\":\"https:\\\/\\\/www.medespoir.fr\\\/it\\\/#\\\/schema\\\/person\\\/a010b19448aff47530580ca94c997b50\"},\"headline\":\"Oc\u00e9ane Elhimer, la sua foto prima della chirurgia plastica infiamma i social network!\",\"datePublished\":\"2021-07-14T10:48:36+00:00\",\"mainEntityOfPage\":{\"@id\":\"https:\\\/\\\/www.medespoir.fr\\\/it\\\/blog\\\/oceane-elhimer-la-sua-foto-prima-della-chirurgia-plastica-infiamma-i-social-network\\\/\"},\"wordCount\":372,\"publisher\":{\"@id\":\"https:\\\/\\\/www.medespoir.fr\\\/it\\\/#organization\"},\"image\":{\"@id\":\"https:\\\/\\\/www.medespoir.fr\\\/it\\\/blog\\\/oceane-elhimer-la-sua-foto-prima-della-chirurgia-plastica-infiamma-i-social-network\\\/#primaryimage\"},\"thumbnailUrl\":\"https:\\\/\\\/www.medespoir.fr\\\/wp-content\\\/uploads\\\/2021\\\/07\\\/oceane-elhimer-chirurgie-esthetique.jpeg\",\"articleSection\":[\"star della chirurgia plastica\"],\"inLanguage\":\"it-IT\"},{\"@type\":\"WebPage\",\"@id\":\"https:\\\/\\\/www.medespoir.fr\\\/it\\\/blog\\\/oceane-elhimer-la-sua-foto-prima-della-chirurgia-plastica-infiamma-i-social-network\\\/\",\"url\":\"https:\\\/\\\/www.medespoir.fr\\\/it\\\/blog\\\/oceane-elhimer-la-sua-foto-prima-della-chirurgia-plastica-infiamma-i-social-network\\\/\",\"name\":\"Oc\u00e9ane ElHimer prima della chirurgia plastica: lo shock dei fan\",\"isPartOf\":{\"@id\":\"https:\\\/\\\/www.medespoir.fr\\\/it\\\/#website\"},\"primaryImageOfPage\":{\"@id\":\"https:\\\/\\\/www.medespoir.fr\\\/it\\\/blog\\\/oceane-elhimer-la-sua-foto-prima-della-chirurgia-plastica-infiamma-i-social-network\\\/#primaryimage\"},\"image\":{\"@id\":\"https:\\\/\\\/www.medespoir.fr\\\/it\\\/blog\\\/oceane-elhimer-la-sua-foto-prima-della-chirurgia-plastica-infiamma-i-social-network\\\/#primaryimage\"},\"thumbnailUrl\":\"https:\\\/\\\/www.medespoir.fr\\\/wp-content\\\/uploads\\\/2021\\\/07\\\/oceane-elhimer-chirurgie-esthetique.jpeg\",\"datePublished\":\"2021-07-14T10:48:36+00:00\",\"description\":\"Attualmente, Oc\u00e9ane Elhimer \u00e8 oggetto di numerose polemiche sui social network per una foto che la ritrae prima degli interventi di chirurgia estetica.\",\"breadcrumb\":{\"@id\":\"https:\\\/\\\/www.medespoir.fr\\\/it\\\/blog\\\/oceane-elhimer-la-sua-foto-prima-della-chirurgia-plastica-infiamma-i-social-network\\\/#breadcrumb\"},\"inLanguage\":\"it-IT\",\"potentialAction\":[{\"@type\":\"ReadAction\",\"target\":[\"https:\\\/\\\/www.medespoir.fr\\\/it\\\/blog\\\/oceane-elhimer-la-sua-foto-prima-della-chirurgia-plastica-infiamma-i-social-network\\\/\"]}]},{\"@type\":\"ImageObject\",\"inLanguage\":\"it-IT\",\"@id\":\"https:\\\/\\\/www.medespoir.fr\\\/it\\\/blog\\\/oceane-elhimer-la-sua-foto-prima-della-chirurgia-plastica-infiamma-i-social-network\\\/#primaryimage\",\"url\":\"https:\\\/\\\/www.medespoir.fr\\\/wp-content\\\/uploads\\\/2021\\\/07\\\/oceane-elhimer-chirurgie-esthetique.jpeg\",\"contentUrl\":\"https:\\\/\\\/www.medespoir.fr\\\/wp-content\\\/uploads\\\/2021\\\/07\\\/oceane-elhimer-chirurgie-esthetique.jpeg\",\"width\":1200,\"height\":675},{\"@type\":\"BreadcrumbList\",\"@id\":\"https:\\\/\\\/www.medespoir.fr\\\/it\\\/blog\\\/oceane-elhimer-la-sua-foto-prima-della-chirurgia-plastica-infiamma-i-social-network\\\/#breadcrumb\",\"itemListElement\":[{\"@type\":\"ListItem\",\"position\":1,\"name\":\"Accueil\",\"item\":\"https:\\\/\\\/www.medespoir.fr\\\/it\\\/\"},{\"@type\":\"ListItem\",\"position\":2,\"name\":\"Oc\u00e9ane Elhimer, la sua foto prima della chirurgia plastica infiamma i social network!\"}]},{\"@type\":\"WebSite\",\"@id\":\"https:\\\/\\\/www.medespoir.fr\\\/it\\\/#website\",\"url\":\"https:\\\/\\\/www.medespoir.fr\\\/it\\\/\",\"name\":\"Medespoir France\",\"description\":\"Chirurgie esthetique Tunisie\",\"publisher\":{\"@id\":\"https:\\\/\\\/www.medespoir.fr\\\/it\\\/#organization\"},\"potentialAction\":[{\"@type\":\"SearchAction\",\"target\":{\"@type\":\"EntryPoint\",\"urlTemplate\":\"https:\\\/\\\/www.medespoir.fr\\\/it\\\/?s={search_term_string}\"},\"query-input\":{\"@type\":\"PropertyValueSpecification\",\"valueRequired\":true,\"valueName\":\"search_term_string\"}}],\"inLanguage\":\"it-IT\"},{\"@type\":\"Organization\",\"@id\":\"https:\\\/\\\/www.medespoir.fr\\\/it\\\/#organization\",\"name\":\"Medespoir France\",\"url\":\"https:\\\/\\\/www.medespoir.fr\\\/it\\\/\",\"logo\":{\"@type\":\"ImageObject\",\"inLanguage\":\"it-IT\",\"@id\":\"https:\\\/\\\/www.medespoir.fr\\\/it\\\/#\\\/schema\\\/logo\\\/image\\\/\",\"url\":\"https:\\\/\\\/www.medespoir.fr\\\/wp-content\\\/uploads\\\/2021\\\/10\\\/cropped-logo__medespoirFR.png\",\"contentUrl\":\"https:\\\/\\\/www.medespoir.fr\\\/wp-content\\\/uploads\\\/2021\\\/10\\\/cropped-logo__medespoirFR.png\",\"width\":150,\"height\":62,\"caption\":\"Medespoir France\"},\"image\":{\"@id\":\"https:\\\/\\\/www.medespoir.fr\\\/it\\\/#\\\/schema\\\/logo\\\/image\\\/\"},\"sameAs\":[\"https:\\\/\\\/www.facebook.com\\\/MedEspoirFr\",\"https:\\\/\\\/x.com\\\/MedEspoirTN\"]},{\"@type\":\"Person\",\"@id\":\"https:\\\/\\\/www.medespoir.fr\\\/it\\\/#\\\/schema\\\/person\\\/a010b19448aff47530580ca94c997b50\",\"name\":\"Varden David\",\"image\":{\"@type\":\"ImageObject\",\"inLanguage\":\"it-IT\",\"@id\":\"https:\\\/\\\/secure.gravatar.com\\\/avatar\\\/5989a2164a20cb175ce6a787a079fe56263e1d3e01fa0441939c87d4fb3c8521?s=96&d=mm&r=g\",\"url\":\"https:\\\/\\\/secure.gravatar.com\\\/avatar\\\/5989a2164a20cb175ce6a787a079fe56263e1d3e01fa0441939c87d4fb3c8521?s=96&d=mm&r=g\",\"contentUrl\":\"https:\\\/\\\/secure.gravatar.com\\\/avatar\\\/5989a2164a20cb175ce6a787a079fe56263e1d3e01fa0441939c87d4fb3c8521?s=96&d=mm&r=g\",\"caption\":\"Varden David\"}}]}<\/script>\n<!-- \/ Yoast SEO plugin. -->","yoast_head_json":{"title":"Oc\u00e9ane ElHimer prima della chirurgia plastica: lo shock dei fan","description":"Attualmente, Oc\u00e9ane Elhimer \u00e8 oggetto di numerose polemiche sui social network per una foto che la ritrae prima degli interventi di chirurgia estetica.","robots":{"index":"index","follow":"follow","max-snippet":"max-snippet:-1","max-image-preview":"max-image-preview:large","max-video-preview":"max-video-preview:-1"},"canonical":"https:\/\/www.medespoir.fr\/it\/blog\/oceane-elhimer-la-sua-foto-prima-della-chirurgia-plastica-infiamma-i-social-network\/","twitter_misc":{"Scritto da":"Varden David","Tempo di lettura stimato":"2 minuti"},"schema":{"@context":"https:\/\/schema.org","@graph":[{"@type":["Article","BlogPosting"],"@id":"https:\/\/www.medespoir.fr\/it\/blog\/oceane-elhimer-la-sua-foto-prima-della-chirurgia-plastica-infiamma-i-social-network\/#article","isPartOf":{"@id":"https:\/\/www.medespoir.fr\/it\/blog\/oceane-elhimer-la-sua-foto-prima-della-chirurgia-plastica-infiamma-i-social-network\/"},"author":{"name":"Varden David","@id":"https:\/\/www.medespoir.fr\/it\/#\/schema\/person\/a010b19448aff47530580ca94c997b50"},"headline":"Oc\u00e9ane Elhimer, la sua foto prima della chirurgia plastica infiamma i social network!","datePublished":"2021-07-14T10:48:36+00:00","mainEntityOfPage":{"@id":"https:\/\/www.medespoir.fr\/it\/blog\/oceane-elhimer-la-sua-foto-prima-della-chirurgia-plastica-infiamma-i-social-network\/"},"wordCount":372,"publisher":{"@id":"https:\/\/www.medespoir.fr\/it\/#organization"},"image":{"@id":"https:\/\/www.medespoir.fr\/it\/blog\/oceane-elhimer-la-sua-foto-prima-della-chirurgia-plastica-infiamma-i-social-network\/#primaryimage"},"thumbnailUrl":"https:\/\/www.medespoir.fr\/wp-content\/uploads\/2021\/07\/oceane-elhimer-chirurgie-esthetique.jpeg","articleSection":["star della chirurgia plastica"],"inLanguage":"it-IT"},{"@type":"WebPage","@id":"https:\/\/www.medespoir.fr\/it\/blog\/oceane-elhimer-la-sua-foto-prima-della-chirurgia-plastica-infiamma-i-social-network\/","url":"https:\/\/www.medespoir.fr\/it\/blog\/oceane-elhimer-la-sua-foto-prima-della-chirurgia-plastica-infiamma-i-social-network\/","name":"Oc\u00e9ane ElHimer prima della chirurgia plastica: lo shock dei fan","isPartOf":{"@id":"https:\/\/www.medespoir.fr\/it\/#website"},"primaryImageOfPage":{"@id":"https:\/\/www.medespoir.fr\/it\/blog\/oceane-elhimer-la-sua-foto-prima-della-chirurgia-plastica-infiamma-i-social-network\/#primaryimage"},"image":{"@id":"https:\/\/www.medespoir.fr\/it\/blog\/oceane-elhimer-la-sua-foto-prima-della-chirurgia-plastica-infiamma-i-social-network\/#primaryimage"},"thumbnailUrl":"https:\/\/www.medespoir.fr\/wp-content\/uploads\/2021\/07\/oceane-elhimer-chirurgie-esthetique.jpeg","datePublished":"2021-07-14T10:48:36+00:00","description":"Attualmente, Oc\u00e9ane Elhimer \u00e8 oggetto di numerose polemiche sui social network per una foto che la ritrae prima degli interventi di chirurgia estetica.","breadcrumb":{"@id":"https:\/\/www.medespoir.fr\/it\/blog\/oceane-elhimer-la-sua-foto-prima-della-chirurgia-plastica-infiamma-i-social-network\/#breadcrumb"},"inLanguage":"it-IT","potentialAction":[{"@type":"ReadAction","target":["https:\/\/www.medespoir.fr\/it\/blog\/oceane-elhimer-la-sua-foto-prima-della-chirurgia-plastica-infiamma-i-social-network\/"]}]},{"@type":"ImageObject","inLanguage":"it-IT","@id":"https:\/\/www.medespoir.fr\/it\/blog\/oceane-elhimer-la-sua-foto-prima-della-chirurgia-plastica-infiamma-i-social-network\/#primaryimage","url":"https:\/\/www.medespoir.fr\/wp-content\/uploads\/2021\/07\/oceane-elhimer-chirurgie-esthetique.jpeg","contentUrl":"https:\/\/www.medespoir.fr\/wp-content\/uploads\/2021\/07\/oceane-elhimer-chirurgie-esthetique.jpeg","width":1200,"height":675},{"@type":"BreadcrumbList","@id":"https:\/\/www.medespoir.fr\/it\/blog\/oceane-elhimer-la-sua-foto-prima-della-chirurgia-plastica-infiamma-i-social-network\/#breadcrumb","itemListElement":[{"@type":"ListItem","position":1,"name":"Accueil","item":"https:\/\/www.medespoir.fr\/it\/"},{"@type":"ListItem","position":2,"name":"Oc\u00e9ane Elhimer, la sua foto prima della chirurgia plastica infiamma i social network!"}]},{"@type":"WebSite","@id":"https:\/\/www.medespoir.fr\/it\/#website","url":"https:\/\/www.medespoir.fr\/it\/","name":"Medespoir France","description":"Chirurgie esthetique Tunisie","publisher":{"@id":"https:\/\/www.medespoir.fr\/it\/#organization"},"potentialAction":[{"@type":"SearchAction","target":{"@type":"EntryPoint","urlTemplate":"https:\/\/www.medespoir.fr\/it\/?s={search_term_string}"},"query-input":{"@type":"PropertyValueSpecification","valueRequired":true,"valueName":"search_term_string"}}],"inLanguage":"it-IT"},{"@type":"Organization","@id":"https:\/\/www.medespoir.fr\/it\/#organization","name":"Medespoir France","url":"https:\/\/www.medespoir.fr\/it\/","logo":{"@type":"ImageObject","inLanguage":"it-IT","@id":"https:\/\/www.medespoir.fr\/it\/#\/schema\/logo\/image\/","url":"https:\/\/www.medespoir.fr\/wp-content\/uploads\/2021\/10\/cropped-logo__medespoirFR.png","contentUrl":"https:\/\/www.medespoir.fr\/wp-content\/uploads\/2021\/10\/cropped-logo__medespoirFR.png","width":150,"height":62,"caption":"Medespoir France"},"image":{"@id":"https:\/\/www.medespoir.fr\/it\/#\/schema\/logo\/image\/"},"sameAs":["https:\/\/www.facebook.com\/MedEspoirFr","https:\/\/x.com\/MedEspoirTN"]},{"@type":"Person","@id":"https:\/\/www.medespoir.fr\/it\/#\/schema\/person\/a010b19448aff47530580ca94c997b50","name":"Varden David","image":{"@type":"ImageObject","inLanguage":"it-IT","@id":"https:\/\/secure.gravatar.com\/avatar\/5989a2164a20cb175ce6a787a079fe56263e1d3e01fa0441939c87d4fb3c8521?s=96&d=mm&r=g","url":"https:\/\/secure.gravatar.com\/avatar\/5989a2164a20cb175ce6a787a079fe56263e1d3e01fa0441939c87d4fb3c8521?s=96&d=mm&r=g","contentUrl":"https:\/\/secure.gravatar.com\/avatar\/5989a2164a20cb175ce6a787a079fe56263e1d3e01fa0441939c87d4fb3c8521?s=96&d=mm&r=g","caption":"Varden David"}}]}},"_links":{"self":[{"href":"https:\/\/www.medespoir.fr\/it\/wp-json\/wp\/v2\/posts\/26600","targetHints":{"allow":["GET"]}}],"collection":[{"href":"https:\/\/www.medespoir.fr\/it\/wp-json\/wp\/v2\/posts"}],"about":[{"href":"https:\/\/www.medespoir.fr\/it\/wp-json\/wp\/v2\/types\/post"}],"author":[{"embeddable":true,"href":"https:\/\/www.medespoir.fr\/it\/wp-json\/wp\/v2\/users\/1"}],"replies":[{"embeddable":true,"href":"https:\/\/www.medespoir.fr\/it\/wp-json\/wp\/v2\/comments?post=26600"}],"version-history":[{"count":0,"href":"https:\/\/www.medespoir.fr\/it\/wp-json\/wp\/v2\/posts\/26600\/revisions"}],"wp:featuredmedia":[{"embeddable":true,"href":"https:\/\/www.medespoir.fr\/it\/wp-json\/wp\/v2\/media\/16529"}],"wp:attachment":[{"href":"https:\/\/www.medespoir.fr\/it\/wp-json\/wp\/v2\/media?parent=26600"}],"wp:term":[{"taxonomy":"category","embeddable":true,"href":"https:\/\/www.medespoir.fr\/it\/wp-json\/wp\/v2\/categories?post=26600"},{"taxonomy":"post_tag","embeddable":true,"href":"https:\/\/www.medespoir.fr\/it\/wp-json\/wp\/v2\/tags?post=26600"}],"curies":[{"name":"wp","href":"https:\/\/api.w.org\/{rel}","templated":true}]}}