{"id":26586,"date":"2021-02-03T08:38:56","date_gmt":"2021-02-03T07:38:56","guid":{"rendered":"https:\/\/www.medespoir.fr\/blog\/natasha-st-pier-il-suo-nuovo-volto-crea-polemiche\/"},"modified":"2023-02-08T14:56:55","modified_gmt":"2023-02-08T13:56:55","slug":"natasha-st-pier-il-suo-nuovo-volto-crea-polemiche","status":"publish","type":"post","link":"https:\/\/www.medespoir.fr\/it\/blog\/natasha-st-pier-il-suo-nuovo-volto-crea-polemiche\/","title":{"rendered":"Natasha St-Pier, il suo nuovo volto crea polemiche"},"content":{"rendered":"<p>La <strong>cantante canadese<\/strong> <strong>Natasha St-Pier<\/strong>, una <strong>star degli<\/strong> anni 2000, ha fatto girare la testa durante lo<strong>show televisivo su France 2<\/strong>: <strong>Eurovision France<\/strong>, trasmesso il 30 gennaio 2021.<\/p>\n<p style=\"text-align: center;\"><img fetchpriority=\"high\" decoding=\"async\" class=\"aligncenter \" src=\"https:\/\/www.medespoir.fr\/wp-content\/uploads\/2021\/02\/Natasha-St-Pier.jpg\" alt=\"Natasha St Pier\" width=\"767\" height=\"576\"><\/p>\n<p style=\"text-align: center;\">L&#8217;artista che ha votato per il vincitore, Barbara Pravi, ha attirato l&#8217;attenzione di molti internauti e spettatori. In effetti, il suo <strong>volto<\/strong> e il suo <strong>aspetto<\/strong> in generale erano molto diversi dalla sua ultima apparizione durante lo<strong>show Mask Singer trasmesso su TF1<\/strong> nell&#8217;agosto 2020.<br \/>\nI fan e i follower credono fermamente che Natasha St Pier abbia avuto <a href=\"https:\/\/www.medespoir.fr\/it\/\"><br \/>\n  <strong>chirurgia plastica per eliminare alcune rughe<\/strong><br \/>\n<\/a> per eliminare alcune rughe intorno agli occhi e alle labbra. Altri parlano di<a href=\"https:\/\/www.medespoir.fr\/acide-hyaluronique-tunisie\/\">iniezioni di filler<\/a> o di <a href=\"https:\/\/www.medespoir.fr\/lifting-cervico-facial-tunisie\/\">lifting<\/a>.<br \/>\nEcco alcuni dei tweet e dei commenti apparsi sui social media sul <strong>nuovo volto di Natasha St Per<\/strong>.<\/p>\n<blockquote>\n<p style=\"text-align: center;\" align=\"center\"><i>&#8220;Siamo d&#8217;accordo che Natasha St-Pier ha fatto qualcosa al viso?&#8221;.<\/i><\/p>\n<p style=\"text-align: center;\" align=\"center\"><i>&#8220;Sono molto contento per il suo chirurgo, che deve aver guadagnato un sacco di soldi. Ben fatto, signore!&#8221;.<\/i><\/p>\n<\/blockquote>\n<h2 style=\"text-align: left;\">La storia della cantante canadese con la chirurgia plastica<\/h2>\n<p style=\"text-align: left;\">Non sorprende che Natasha si sia sottoposta a un intervento al viso per farsi bella. Infatti, si \u00e8 gi\u00e0 sottoposta a una <a href=\"https:\/\/www.medespoir.fr\/it\/mastoplastica-additiva-turchia\/\">mastoplastica additiva con protesi<\/a> su consiglio del suo agente che ha visto che il suo seno era troppo piccolo e poteva essere un ostacolo alla sua ascesa nel mondo dello spettacolo.<\/p>\n<p style=\"text-align: left;\">Per il momento, Natasha non ha ancora risposto a queste accuse e voci. Questo potrebbe dimostrare che \u00e8 stata davvero sotto i ferri. E francamente, data la sua et\u00e0 (40 anni), potr\u00e0 sicuramente avere qualche <strong>ruga sul viso<\/strong>.<\/p>\n<p style=\"text-align: left;\" align=\"center\">In ogni caso, non sar\u00e0 n\u00e9 la prima n\u00e9 l&#8217;ultima della sua generazione a scegliere la <strong>medicina e la chirurgia plastica<\/strong>. Inoltre, questo tipo di operazione \u00e8 stato democratizzato e non \u00e8 pi\u00f9 un argomento tab\u00f9 da decenni.<\/p>\n","protected":false},"excerpt":{"rendered":"<p>La cantante canadese Natasha St-Pier, una star degli anni 2000, ha fatto girare la testa durante loshow televisivo su France [&hellip;]<\/p>\n","protected":false},"author":2,"featured_media":18616,"comment_status":"closed","ping_status":"closed","sticky":false,"template":"","format":"standard","meta":{"footnotes":""},"categories":[127],"tags":[],"class_list":["post-26586","post","type-post","status-publish","format-standard","has-post-thumbnail","hentry","category-star-della-chirurgia-plastica"],"yoast_head":"<!-- This site is optimized with the Yoast SEO plugin v27.5 - https:\/\/yoast.com\/product\/yoast-seo-wordpress\/ -->\n<title>Natasha St Pier irriconoscibile? Il suo nuovo volto incuriosisce gli internauti<\/title>\n<meta name=\"description\" content=\"Eurovision Francia: Natasha St Pier irriconoscibile? Il volto del cantante incuriosisce gli internauti\" \/>\n<meta name=\"robots\" content=\"index, follow, max-snippet:-1, max-image-preview:large, max-video-preview:-1\" \/>\n<link rel=\"canonical\" href=\"https:\/\/www.medespoir.fr\/it\/blog\/natasha-st-pier-il-suo-nuovo-volto-crea-polemiche\/\" \/>\n<meta name=\"twitter:label1\" content=\"Scritto da\" \/>\n\t<meta name=\"twitter:data1\" content=\"frredesp_ad1-ref\" \/>\n\t<meta name=\"twitter:label2\" content=\"Tempo di lettura stimato\" \/>\n\t<meta name=\"twitter:data2\" content=\"2 minuti\" \/>\n<script type=\"application\/ld+json\" class=\"yoast-schema-graph\">{\"@context\":\"https:\\\/\\\/schema.org\",\"@graph\":[{\"@type\":[\"Article\",\"BlogPosting\"],\"@id\":\"https:\\\/\\\/www.medespoir.fr\\\/it\\\/blog\\\/natasha-st-pier-il-suo-nuovo-volto-crea-polemiche\\\/#article\",\"isPartOf\":{\"@id\":\"https:\\\/\\\/www.medespoir.fr\\\/it\\\/blog\\\/natasha-st-pier-il-suo-nuovo-volto-crea-polemiche\\\/\"},\"author\":{\"name\":\"frredesp_ad1-ref\",\"@id\":\"https:\\\/\\\/www.medespoir.fr\\\/it\\\/#\\\/schema\\\/person\\\/9b915a605d066047374c04054a33399b\"},\"headline\":\"Natasha St-Pier, il suo nuovo volto crea polemiche\",\"datePublished\":\"2021-02-03T07:38:56+00:00\",\"dateModified\":\"2023-02-08T13:56:55+00:00\",\"mainEntityOfPage\":{\"@id\":\"https:\\\/\\\/www.medespoir.fr\\\/it\\\/blog\\\/natasha-st-pier-il-suo-nuovo-volto-crea-polemiche\\\/\"},\"wordCount\":296,\"publisher\":{\"@id\":\"https:\\\/\\\/www.medespoir.fr\\\/it\\\/#organization\"},\"image\":{\"@id\":\"https:\\\/\\\/www.medespoir.fr\\\/it\\\/blog\\\/natasha-st-pier-il-suo-nuovo-volto-crea-polemiche\\\/#primaryimage\"},\"thumbnailUrl\":\"https:\\\/\\\/www.medespoir.fr\\\/wp-content\\\/uploads\\\/2021\\\/02\\\/Natasha-St-Pier.jpg\",\"articleSection\":[\"star della chirurgia plastica\"],\"inLanguage\":\"it-IT\"},{\"@type\":\"WebPage\",\"@id\":\"https:\\\/\\\/www.medespoir.fr\\\/it\\\/blog\\\/natasha-st-pier-il-suo-nuovo-volto-crea-polemiche\\\/\",\"url\":\"https:\\\/\\\/www.medespoir.fr\\\/it\\\/blog\\\/natasha-st-pier-il-suo-nuovo-volto-crea-polemiche\\\/\",\"name\":\"Natasha St Pier irriconoscibile? Il suo nuovo volto incuriosisce gli internauti\",\"isPartOf\":{\"@id\":\"https:\\\/\\\/www.medespoir.fr\\\/it\\\/#website\"},\"primaryImageOfPage\":{\"@id\":\"https:\\\/\\\/www.medespoir.fr\\\/it\\\/blog\\\/natasha-st-pier-il-suo-nuovo-volto-crea-polemiche\\\/#primaryimage\"},\"image\":{\"@id\":\"https:\\\/\\\/www.medespoir.fr\\\/it\\\/blog\\\/natasha-st-pier-il-suo-nuovo-volto-crea-polemiche\\\/#primaryimage\"},\"thumbnailUrl\":\"https:\\\/\\\/www.medespoir.fr\\\/wp-content\\\/uploads\\\/2021\\\/02\\\/Natasha-St-Pier.jpg\",\"datePublished\":\"2021-02-03T07:38:56+00:00\",\"dateModified\":\"2023-02-08T13:56:55+00:00\",\"description\":\"Eurovision Francia: Natasha St Pier irriconoscibile? Il volto del cantante incuriosisce gli internauti\",\"breadcrumb\":{\"@id\":\"https:\\\/\\\/www.medespoir.fr\\\/it\\\/blog\\\/natasha-st-pier-il-suo-nuovo-volto-crea-polemiche\\\/#breadcrumb\"},\"inLanguage\":\"it-IT\",\"potentialAction\":[{\"@type\":\"ReadAction\",\"target\":[\"https:\\\/\\\/www.medespoir.fr\\\/it\\\/blog\\\/natasha-st-pier-il-suo-nuovo-volto-crea-polemiche\\\/\"]}]},{\"@type\":\"ImageObject\",\"inLanguage\":\"it-IT\",\"@id\":\"https:\\\/\\\/www.medespoir.fr\\\/it\\\/blog\\\/natasha-st-pier-il-suo-nuovo-volto-crea-polemiche\\\/#primaryimage\",\"url\":\"https:\\\/\\\/www.medespoir.fr\\\/wp-content\\\/uploads\\\/2021\\\/02\\\/Natasha-St-Pier.jpg\",\"contentUrl\":\"https:\\\/\\\/www.medespoir.fr\\\/wp-content\\\/uploads\\\/2021\\\/02\\\/Natasha-St-Pier.jpg\",\"width\":960,\"height\":720},{\"@type\":\"BreadcrumbList\",\"@id\":\"https:\\\/\\\/www.medespoir.fr\\\/it\\\/blog\\\/natasha-st-pier-il-suo-nuovo-volto-crea-polemiche\\\/#breadcrumb\",\"itemListElement\":[{\"@type\":\"ListItem\",\"position\":1,\"name\":\"Accueil\",\"item\":\"https:\\\/\\\/www.medespoir.fr\\\/it\\\/\"},{\"@type\":\"ListItem\",\"position\":2,\"name\":\"Natasha St-Pier, il suo nuovo volto crea polemiche\"}]},{\"@type\":\"WebSite\",\"@id\":\"https:\\\/\\\/www.medespoir.fr\\\/it\\\/#website\",\"url\":\"https:\\\/\\\/www.medespoir.fr\\\/it\\\/\",\"name\":\"Medespoir France\",\"description\":\"Chirurgie esthetique Tunisie\",\"publisher\":{\"@id\":\"https:\\\/\\\/www.medespoir.fr\\\/it\\\/#organization\"},\"potentialAction\":[{\"@type\":\"SearchAction\",\"target\":{\"@type\":\"EntryPoint\",\"urlTemplate\":\"https:\\\/\\\/www.medespoir.fr\\\/it\\\/?s={search_term_string}\"},\"query-input\":{\"@type\":\"PropertyValueSpecification\",\"valueRequired\":true,\"valueName\":\"search_term_string\"}}],\"inLanguage\":\"it-IT\"},{\"@type\":\"Organization\",\"@id\":\"https:\\\/\\\/www.medespoir.fr\\\/it\\\/#organization\",\"name\":\"Medespoir France\",\"url\":\"https:\\\/\\\/www.medespoir.fr\\\/it\\\/\",\"logo\":{\"@type\":\"ImageObject\",\"inLanguage\":\"it-IT\",\"@id\":\"https:\\\/\\\/www.medespoir.fr\\\/it\\\/#\\\/schema\\\/logo\\\/image\\\/\",\"url\":\"https:\\\/\\\/www.medespoir.fr\\\/wp-content\\\/uploads\\\/2021\\\/10\\\/cropped-logo__medespoirFR.png\",\"contentUrl\":\"https:\\\/\\\/www.medespoir.fr\\\/wp-content\\\/uploads\\\/2021\\\/10\\\/cropped-logo__medespoirFR.png\",\"width\":150,\"height\":62,\"caption\":\"Medespoir France\"},\"image\":{\"@id\":\"https:\\\/\\\/www.medespoir.fr\\\/it\\\/#\\\/schema\\\/logo\\\/image\\\/\"},\"sameAs\":[\"https:\\\/\\\/www.facebook.com\\\/MedEspoirFr\",\"https:\\\/\\\/x.com\\\/MedEspoirTN\"]},{\"@type\":\"Person\",\"@id\":\"https:\\\/\\\/www.medespoir.fr\\\/it\\\/#\\\/schema\\\/person\\\/9b915a605d066047374c04054a33399b\",\"name\":\"frredesp_ad1-ref\",\"image\":{\"@type\":\"ImageObject\",\"inLanguage\":\"it-IT\",\"@id\":\"https:\\\/\\\/secure.gravatar.com\\\/avatar\\\/f2f7d30d88753201fad765b1ed499a3d7388472d4ad8d2620c0c08a1714895bd?s=96&d=mm&r=g\",\"url\":\"https:\\\/\\\/secure.gravatar.com\\\/avatar\\\/f2f7d30d88753201fad765b1ed499a3d7388472d4ad8d2620c0c08a1714895bd?s=96&d=mm&r=g\",\"contentUrl\":\"https:\\\/\\\/secure.gravatar.com\\\/avatar\\\/f2f7d30d88753201fad765b1ed499a3d7388472d4ad8d2620c0c08a1714895bd?s=96&d=mm&r=g\",\"caption\":\"frredesp_ad1-ref\"}}]}<\/script>\n<!-- \/ Yoast SEO plugin. -->","yoast_head_json":{"title":"Natasha St Pier irriconoscibile? Il suo nuovo volto incuriosisce gli internauti","description":"Eurovision Francia: Natasha St Pier irriconoscibile? Il volto del cantante incuriosisce gli internauti","robots":{"index":"index","follow":"follow","max-snippet":"max-snippet:-1","max-image-preview":"max-image-preview:large","max-video-preview":"max-video-preview:-1"},"canonical":"https:\/\/www.medespoir.fr\/it\/blog\/natasha-st-pier-il-suo-nuovo-volto-crea-polemiche\/","twitter_misc":{"Scritto da":"frredesp_ad1-ref","Tempo di lettura stimato":"2 minuti"},"schema":{"@context":"https:\/\/schema.org","@graph":[{"@type":["Article","BlogPosting"],"@id":"https:\/\/www.medespoir.fr\/it\/blog\/natasha-st-pier-il-suo-nuovo-volto-crea-polemiche\/#article","isPartOf":{"@id":"https:\/\/www.medespoir.fr\/it\/blog\/natasha-st-pier-il-suo-nuovo-volto-crea-polemiche\/"},"author":{"name":"frredesp_ad1-ref","@id":"https:\/\/www.medespoir.fr\/it\/#\/schema\/person\/9b915a605d066047374c04054a33399b"},"headline":"Natasha St-Pier, il suo nuovo volto crea polemiche","datePublished":"2021-02-03T07:38:56+00:00","dateModified":"2023-02-08T13:56:55+00:00","mainEntityOfPage":{"@id":"https:\/\/www.medespoir.fr\/it\/blog\/natasha-st-pier-il-suo-nuovo-volto-crea-polemiche\/"},"wordCount":296,"publisher":{"@id":"https:\/\/www.medespoir.fr\/it\/#organization"},"image":{"@id":"https:\/\/www.medespoir.fr\/it\/blog\/natasha-st-pier-il-suo-nuovo-volto-crea-polemiche\/#primaryimage"},"thumbnailUrl":"https:\/\/www.medespoir.fr\/wp-content\/uploads\/2021\/02\/Natasha-St-Pier.jpg","articleSection":["star della chirurgia plastica"],"inLanguage":"it-IT"},{"@type":"WebPage","@id":"https:\/\/www.medespoir.fr\/it\/blog\/natasha-st-pier-il-suo-nuovo-volto-crea-polemiche\/","url":"https:\/\/www.medespoir.fr\/it\/blog\/natasha-st-pier-il-suo-nuovo-volto-crea-polemiche\/","name":"Natasha St Pier irriconoscibile? Il suo nuovo volto incuriosisce gli internauti","isPartOf":{"@id":"https:\/\/www.medespoir.fr\/it\/#website"},"primaryImageOfPage":{"@id":"https:\/\/www.medespoir.fr\/it\/blog\/natasha-st-pier-il-suo-nuovo-volto-crea-polemiche\/#primaryimage"},"image":{"@id":"https:\/\/www.medespoir.fr\/it\/blog\/natasha-st-pier-il-suo-nuovo-volto-crea-polemiche\/#primaryimage"},"thumbnailUrl":"https:\/\/www.medespoir.fr\/wp-content\/uploads\/2021\/02\/Natasha-St-Pier.jpg","datePublished":"2021-02-03T07:38:56+00:00","dateModified":"2023-02-08T13:56:55+00:00","description":"Eurovision Francia: Natasha St Pier irriconoscibile? Il volto del cantante incuriosisce gli internauti","breadcrumb":{"@id":"https:\/\/www.medespoir.fr\/it\/blog\/natasha-st-pier-il-suo-nuovo-volto-crea-polemiche\/#breadcrumb"},"inLanguage":"it-IT","potentialAction":[{"@type":"ReadAction","target":["https:\/\/www.medespoir.fr\/it\/blog\/natasha-st-pier-il-suo-nuovo-volto-crea-polemiche\/"]}]},{"@type":"ImageObject","inLanguage":"it-IT","@id":"https:\/\/www.medespoir.fr\/it\/blog\/natasha-st-pier-il-suo-nuovo-volto-crea-polemiche\/#primaryimage","url":"https:\/\/www.medespoir.fr\/wp-content\/uploads\/2021\/02\/Natasha-St-Pier.jpg","contentUrl":"https:\/\/www.medespoir.fr\/wp-content\/uploads\/2021\/02\/Natasha-St-Pier.jpg","width":960,"height":720},{"@type":"BreadcrumbList","@id":"https:\/\/www.medespoir.fr\/it\/blog\/natasha-st-pier-il-suo-nuovo-volto-crea-polemiche\/#breadcrumb","itemListElement":[{"@type":"ListItem","position":1,"name":"Accueil","item":"https:\/\/www.medespoir.fr\/it\/"},{"@type":"ListItem","position":2,"name":"Natasha St-Pier, il suo nuovo volto crea polemiche"}]},{"@type":"WebSite","@id":"https:\/\/www.medespoir.fr\/it\/#website","url":"https:\/\/www.medespoir.fr\/it\/","name":"Medespoir France","description":"Chirurgie esthetique Tunisie","publisher":{"@id":"https:\/\/www.medespoir.fr\/it\/#organization"},"potentialAction":[{"@type":"SearchAction","target":{"@type":"EntryPoint","urlTemplate":"https:\/\/www.medespoir.fr\/it\/?s={search_term_string}"},"query-input":{"@type":"PropertyValueSpecification","valueRequired":true,"valueName":"search_term_string"}}],"inLanguage":"it-IT"},{"@type":"Organization","@id":"https:\/\/www.medespoir.fr\/it\/#organization","name":"Medespoir France","url":"https:\/\/www.medespoir.fr\/it\/","logo":{"@type":"ImageObject","inLanguage":"it-IT","@id":"https:\/\/www.medespoir.fr\/it\/#\/schema\/logo\/image\/","url":"https:\/\/www.medespoir.fr\/wp-content\/uploads\/2021\/10\/cropped-logo__medespoirFR.png","contentUrl":"https:\/\/www.medespoir.fr\/wp-content\/uploads\/2021\/10\/cropped-logo__medespoirFR.png","width":150,"height":62,"caption":"Medespoir France"},"image":{"@id":"https:\/\/www.medespoir.fr\/it\/#\/schema\/logo\/image\/"},"sameAs":["https:\/\/www.facebook.com\/MedEspoirFr","https:\/\/x.com\/MedEspoirTN"]},{"@type":"Person","@id":"https:\/\/www.medespoir.fr\/it\/#\/schema\/person\/9b915a605d066047374c04054a33399b","name":"frredesp_ad1-ref","image":{"@type":"ImageObject","inLanguage":"it-IT","@id":"https:\/\/secure.gravatar.com\/avatar\/f2f7d30d88753201fad765b1ed499a3d7388472d4ad8d2620c0c08a1714895bd?s=96&d=mm&r=g","url":"https:\/\/secure.gravatar.com\/avatar\/f2f7d30d88753201fad765b1ed499a3d7388472d4ad8d2620c0c08a1714895bd?s=96&d=mm&r=g","contentUrl":"https:\/\/secure.gravatar.com\/avatar\/f2f7d30d88753201fad765b1ed499a3d7388472d4ad8d2620c0c08a1714895bd?s=96&d=mm&r=g","caption":"frredesp_ad1-ref"}}]}},"_links":{"self":[{"href":"https:\/\/www.medespoir.fr\/it\/wp-json\/wp\/v2\/posts\/26586","targetHints":{"allow":["GET"]}}],"collection":[{"href":"https:\/\/www.medespoir.fr\/it\/wp-json\/wp\/v2\/posts"}],"about":[{"href":"https:\/\/www.medespoir.fr\/it\/wp-json\/wp\/v2\/types\/post"}],"author":[{"embeddable":true,"href":"https:\/\/www.medespoir.fr\/it\/wp-json\/wp\/v2\/users\/2"}],"replies":[{"embeddable":true,"href":"https:\/\/www.medespoir.fr\/it\/wp-json\/wp\/v2\/comments?post=26586"}],"version-history":[{"count":0,"href":"https:\/\/www.medespoir.fr\/it\/wp-json\/wp\/v2\/posts\/26586\/revisions"}],"wp:featuredmedia":[{"embeddable":true,"href":"https:\/\/www.medespoir.fr\/it\/wp-json\/wp\/v2\/media\/18616"}],"wp:attachment":[{"href":"https:\/\/www.medespoir.fr\/it\/wp-json\/wp\/v2\/media?parent=26586"}],"wp:term":[{"taxonomy":"category","embeddable":true,"href":"https:\/\/www.medespoir.fr\/it\/wp-json\/wp\/v2\/categories?post=26586"},{"taxonomy":"post_tag","embeddable":true,"href":"https:\/\/www.medespoir.fr\/it\/wp-json\/wp\/v2\/tags?post=26586"}],"curies":[{"name":"wp","href":"https:\/\/api.w.org\/{rel}","templated":true}]}}