{"id":26528,"date":"2021-10-26T10:45:58","date_gmt":"2021-10-26T08:45:58","guid":{"rendered":"https:\/\/www.medespoir.fr\/blog\/cristiano-ronaldo-si-e-sottoposto-a-chirurgia-plastica\/"},"modified":"2023-02-08T11:03:58","modified_gmt":"2023-02-08T10:03:58","slug":"cristiano-ronaldo-si-e-sottoposto-a-chirurgia-plastica","status":"publish","type":"post","link":"https:\/\/www.medespoir.fr\/it\/blog\/cristiano-ronaldo-si-e-sottoposto-a-chirurgia-plastica\/","title":{"rendered":"Cristiano Ronaldo si \u00e8 sottoposto a chirurgia plastica?"},"content":{"rendered":"<p><strong>Cristiano Ronaldo<\/strong> \u00e8 oggi il calciatore pi\u00f9 popolare al mondo. Grazie ai suoi successi individuali e collettivi, alle sue statistiche sbalorditive e al suo bell&#8217;aspetto, Cristiano \u00e8 una leggenda vivente del calcio. Pur avendo costruito un corpo atletico dopo oltre un decennio ai massimi livelli, <strong>Ronaldo<\/strong> si \u00e8 sottoposto a diversi trattamenti estetici per migliorare il suo aspetto. Almeno, questo \u00e8 ci\u00f2 che si pu\u00f2 notare se si guardano le foto di <strong>Cristiano Ronaldo prima e dopo<\/strong> la sua straordinaria ascesa.<\/p>\n<h2>Cristiano Ronaldo: un sorriso bellissimo grazie all&#8217;ortodonzia e alle faccette dentali<\/h2>\n<p>Nei primi anni allo Sporting Lisbona, ma anche nei primi anni al Manchester United, <strong>CR7<\/strong> non aveva un sorriso particolarmente attraente.<\/p>\n<p>Se si confrontano le <strong>foto di Cristiano Ronaldo prima e dopo<\/strong>, c&#8217;\u00e8 poco spazio per i dubbi: l&#8217;attaccante portoghese si \u00e8 <a href=\"https:\/\/www.medespoir.fr\/chirurgie-dentaire-tunisie\/\">rifatto i denti<\/a>.<\/p>\n<p>In effetti, il nativo di Madeira aveva denti opachi e disallineati e spazi vuoti tra i denti. Dopo il suo trasferimento a Manchester, il giovane attaccante si \u00e8 fatto <a href=\"https:\/\/www.medespoir.fr\/implant-dentaire-tunisie\/\">mettere un apparecchio per<\/a> correggere la posizione dei denti. Guardando le foto di Cristiano Ronaldo prima dell&#8217;intervento ortodontico, possiamo dire che ha fatto la scelta giusta.<\/p>\n<p>In seguito, si dice che Ronaldo si sia anche sottoposto a un <a href=\"https:\/\/www.medespoir.fr\/smile-infinity-tunisie\/\">trattamento di odontoiatria estetica per ripristinare il suo sorriso da star<\/a>. La maggior parte degli esperti concorda sul fatto che CR7 si sia fatto applicare delle faccette sui denti per avere denti bianchi, perfettamente allineati e proporzionati.<\/p>\n<p style=\"text-align: center;\"><img fetchpriority=\"high\" decoding=\"async\" class=\"aligncenter wp-image-6487 size-full\" src=\"https:\/\/www.medespoir.fr\/wp-content\/uploads\/2021\/10\/cristiano-ronaldo-avant-apres.jpg\" alt=\"cristiano ronaldo prima e dopo\" width=\"500\" height=\"340\"><\/p>\n<h2>Cristiano e le iniezioni di Botox per mantenere il viso liscio e senza rughe<\/h2>\n<p>Lo status di Ronaldo come superstar del calcio ha portato introiti pubblicitari astronomici. Essendo il volto di diversi marchi di cosmetici e attrezzature sportive, l&#8217;attaccante portoghese deve prendersi cura del suo aspetto, soprattutto del suo viso.<\/p>\n<p>A questo proposito, \u00e8 chiaro che a 36 anni Cristiano Ronaldo non \u00e8 invecchiato di un giorno. Il suo stile di vita impeccabile, che ha seguito scrupolosamente durante i suoi 18 anni da calciatore professionista, \u00e8 sicuramente molto efficace nel rallentare l&#8217;invecchiamento della pelle. Tuttavia, il suo stile di vita sano e la sua dieta rigorosa non spiegano tutto.<\/p>\n<p>Secondo voci diffuse, Ronaldo si sottopone regolarmente a iniezioni di botox per attenuare le rughe incipienti sulla fronte. Inoltre, l&#8217;attaccante portoghese si sarebbe sottoposto a <a href=\"https:\/\/www.medespoir.fr\/acide-hyaluronique-tunisie\/\">iniezioni di acido ialuronico<\/a> per ridurre le rughe intorno al naso e alla bocca.<\/p>\n<p>Oltre alla sua abilit\u00e0 con il pallone e alla sua forza mentale, Cristiano Ronaldo \u00e8 una vera e propria icona. A 36 anni ha ancora un fisico da sogno, con un viso fresco e levigato e un corpo perfettamente scolpito e affinato che farebbe invidia a uomini molto pi\u00f9 giovani. Dentro e fuori dal campo, Cristiano Ronaldo non smetter\u00e0 mai di far parlare di s\u00e9.<\/p>\n","protected":false},"excerpt":{"rendered":"<p>Cristiano Ronaldo \u00e8 oggi il calciatore pi\u00f9 popolare al mondo. Grazie ai suoi successi individuali e collettivi, alle sue statistiche [&hellip;]<\/p>\n","protected":false},"author":1,"featured_media":17480,"comment_status":"closed","ping_status":"closed","sticky":false,"template":"","format":"standard","meta":{"footnotes":""},"categories":[127],"tags":[],"class_list":["post-26528","post","type-post","status-publish","format-standard","has-post-thumbnail","hentry","category-star-della-chirurgia-plastica"],"yoast_head":"<!-- This site is optimized with the Yoast SEO plugin v27.5 - https:\/\/yoast.com\/product\/yoast-seo-wordpress\/ -->\n<title>Cristiano Ronaldo chirurgia plastica - CR7 prima e dopo<\/title>\n<meta name=\"description\" content=\"Cristiano Ronaldo si \u00e8 sottoposto a chirurgia plastica? un bel sorriso grazie all&#039;ortodonzia e alle faccette dentali\" \/>\n<meta name=\"robots\" content=\"index, follow, max-snippet:-1, max-image-preview:large, max-video-preview:-1\" \/>\n<link rel=\"canonical\" href=\"https:\/\/www.medespoir.fr\/it\/blog\/cristiano-ronaldo-si-e-sottoposto-a-chirurgia-plastica\/\" \/>\n<meta name=\"twitter:label1\" content=\"Scritto da\" \/>\n\t<meta name=\"twitter:data1\" content=\"Varden David\" \/>\n\t<meta name=\"twitter:label2\" content=\"Tempo di lettura stimato\" \/>\n\t<meta name=\"twitter:data2\" content=\"3 minuti\" \/>\n<script type=\"application\/ld+json\" class=\"yoast-schema-graph\">{\"@context\":\"https:\\\/\\\/schema.org\",\"@graph\":[{\"@type\":[\"Article\",\"BlogPosting\"],\"@id\":\"https:\\\/\\\/www.medespoir.fr\\\/it\\\/blog\\\/cristiano-ronaldo-si-e-sottoposto-a-chirurgia-plastica\\\/#article\",\"isPartOf\":{\"@id\":\"https:\\\/\\\/www.medespoir.fr\\\/it\\\/blog\\\/cristiano-ronaldo-si-e-sottoposto-a-chirurgia-plastica\\\/\"},\"author\":{\"name\":\"Varden David\",\"@id\":\"https:\\\/\\\/www.medespoir.fr\\\/it\\\/#\\\/schema\\\/person\\\/a010b19448aff47530580ca94c997b50\"},\"headline\":\"Cristiano Ronaldo si \u00e8 sottoposto a chirurgia plastica?\",\"datePublished\":\"2021-10-26T08:45:58+00:00\",\"dateModified\":\"2023-02-08T10:03:58+00:00\",\"mainEntityOfPage\":{\"@id\":\"https:\\\/\\\/www.medespoir.fr\\\/it\\\/blog\\\/cristiano-ronaldo-si-e-sottoposto-a-chirurgia-plastica\\\/\"},\"wordCount\":455,\"publisher\":{\"@id\":\"https:\\\/\\\/www.medespoir.fr\\\/it\\\/#organization\"},\"image\":{\"@id\":\"https:\\\/\\\/www.medespoir.fr\\\/it\\\/blog\\\/cristiano-ronaldo-si-e-sottoposto-a-chirurgia-plastica\\\/#primaryimage\"},\"thumbnailUrl\":\"https:\\\/\\\/www.medespoir.fr\\\/wp-content\\\/uploads\\\/2022\\\/06\\\/cristiano-ronaldo-chirurgie-esthetique.webp\",\"articleSection\":[\"star della chirurgia plastica\"],\"inLanguage\":\"it-IT\"},{\"@type\":\"WebPage\",\"@id\":\"https:\\\/\\\/www.medespoir.fr\\\/it\\\/blog\\\/cristiano-ronaldo-si-e-sottoposto-a-chirurgia-plastica\\\/\",\"url\":\"https:\\\/\\\/www.medespoir.fr\\\/it\\\/blog\\\/cristiano-ronaldo-si-e-sottoposto-a-chirurgia-plastica\\\/\",\"name\":\"Cristiano Ronaldo chirurgia plastica - CR7 prima e dopo\",\"isPartOf\":{\"@id\":\"https:\\\/\\\/www.medespoir.fr\\\/it\\\/#website\"},\"primaryImageOfPage\":{\"@id\":\"https:\\\/\\\/www.medespoir.fr\\\/it\\\/blog\\\/cristiano-ronaldo-si-e-sottoposto-a-chirurgia-plastica\\\/#primaryimage\"},\"image\":{\"@id\":\"https:\\\/\\\/www.medespoir.fr\\\/it\\\/blog\\\/cristiano-ronaldo-si-e-sottoposto-a-chirurgia-plastica\\\/#primaryimage\"},\"thumbnailUrl\":\"https:\\\/\\\/www.medespoir.fr\\\/wp-content\\\/uploads\\\/2022\\\/06\\\/cristiano-ronaldo-chirurgie-esthetique.webp\",\"datePublished\":\"2021-10-26T08:45:58+00:00\",\"dateModified\":\"2023-02-08T10:03:58+00:00\",\"description\":\"Cristiano Ronaldo si \u00e8 sottoposto a chirurgia plastica? un bel sorriso grazie all'ortodonzia e alle faccette dentali\",\"breadcrumb\":{\"@id\":\"https:\\\/\\\/www.medespoir.fr\\\/it\\\/blog\\\/cristiano-ronaldo-si-e-sottoposto-a-chirurgia-plastica\\\/#breadcrumb\"},\"inLanguage\":\"it-IT\",\"potentialAction\":[{\"@type\":\"ReadAction\",\"target\":[\"https:\\\/\\\/www.medespoir.fr\\\/it\\\/blog\\\/cristiano-ronaldo-si-e-sottoposto-a-chirurgia-plastica\\\/\"]}]},{\"@type\":\"ImageObject\",\"inLanguage\":\"it-IT\",\"@id\":\"https:\\\/\\\/www.medespoir.fr\\\/it\\\/blog\\\/cristiano-ronaldo-si-e-sottoposto-a-chirurgia-plastica\\\/#primaryimage\",\"url\":\"https:\\\/\\\/www.medespoir.fr\\\/wp-content\\\/uploads\\\/2022\\\/06\\\/cristiano-ronaldo-chirurgie-esthetique.webp\",\"contentUrl\":\"https:\\\/\\\/www.medespoir.fr\\\/wp-content\\\/uploads\\\/2022\\\/06\\\/cristiano-ronaldo-chirurgie-esthetique.webp\",\"width\":945,\"height\":529},{\"@type\":\"BreadcrumbList\",\"@id\":\"https:\\\/\\\/www.medespoir.fr\\\/it\\\/blog\\\/cristiano-ronaldo-si-e-sottoposto-a-chirurgia-plastica\\\/#breadcrumb\",\"itemListElement\":[{\"@type\":\"ListItem\",\"position\":1,\"name\":\"Accueil\",\"item\":\"https:\\\/\\\/www.medespoir.fr\\\/it\\\/\"},{\"@type\":\"ListItem\",\"position\":2,\"name\":\"Cristiano Ronaldo si \u00e8 sottoposto a chirurgia plastica?\"}]},{\"@type\":\"WebSite\",\"@id\":\"https:\\\/\\\/www.medespoir.fr\\\/it\\\/#website\",\"url\":\"https:\\\/\\\/www.medespoir.fr\\\/it\\\/\",\"name\":\"Medespoir France\",\"description\":\"Chirurgie esthetique Tunisie\",\"publisher\":{\"@id\":\"https:\\\/\\\/www.medespoir.fr\\\/it\\\/#organization\"},\"potentialAction\":[{\"@type\":\"SearchAction\",\"target\":{\"@type\":\"EntryPoint\",\"urlTemplate\":\"https:\\\/\\\/www.medespoir.fr\\\/it\\\/?s={search_term_string}\"},\"query-input\":{\"@type\":\"PropertyValueSpecification\",\"valueRequired\":true,\"valueName\":\"search_term_string\"}}],\"inLanguage\":\"it-IT\"},{\"@type\":\"Organization\",\"@id\":\"https:\\\/\\\/www.medespoir.fr\\\/it\\\/#organization\",\"name\":\"Medespoir France\",\"url\":\"https:\\\/\\\/www.medespoir.fr\\\/it\\\/\",\"logo\":{\"@type\":\"ImageObject\",\"inLanguage\":\"it-IT\",\"@id\":\"https:\\\/\\\/www.medespoir.fr\\\/it\\\/#\\\/schema\\\/logo\\\/image\\\/\",\"url\":\"https:\\\/\\\/www.medespoir.fr\\\/wp-content\\\/uploads\\\/2021\\\/10\\\/cropped-logo__medespoirFR.png\",\"contentUrl\":\"https:\\\/\\\/www.medespoir.fr\\\/wp-content\\\/uploads\\\/2021\\\/10\\\/cropped-logo__medespoirFR.png\",\"width\":150,\"height\":62,\"caption\":\"Medespoir France\"},\"image\":{\"@id\":\"https:\\\/\\\/www.medespoir.fr\\\/it\\\/#\\\/schema\\\/logo\\\/image\\\/\"},\"sameAs\":[\"https:\\\/\\\/www.facebook.com\\\/MedEspoirFr\",\"https:\\\/\\\/x.com\\\/MedEspoirTN\"]},{\"@type\":\"Person\",\"@id\":\"https:\\\/\\\/www.medespoir.fr\\\/it\\\/#\\\/schema\\\/person\\\/a010b19448aff47530580ca94c997b50\",\"name\":\"Varden David\",\"image\":{\"@type\":\"ImageObject\",\"inLanguage\":\"it-IT\",\"@id\":\"https:\\\/\\\/secure.gravatar.com\\\/avatar\\\/5989a2164a20cb175ce6a787a079fe56263e1d3e01fa0441939c87d4fb3c8521?s=96&d=mm&r=g\",\"url\":\"https:\\\/\\\/secure.gravatar.com\\\/avatar\\\/5989a2164a20cb175ce6a787a079fe56263e1d3e01fa0441939c87d4fb3c8521?s=96&d=mm&r=g\",\"contentUrl\":\"https:\\\/\\\/secure.gravatar.com\\\/avatar\\\/5989a2164a20cb175ce6a787a079fe56263e1d3e01fa0441939c87d4fb3c8521?s=96&d=mm&r=g\",\"caption\":\"Varden David\"}}]}<\/script>\n<!-- \/ Yoast SEO plugin. -->","yoast_head_json":{"title":"Cristiano Ronaldo chirurgia plastica - CR7 prima e dopo","description":"Cristiano Ronaldo si \u00e8 sottoposto a chirurgia plastica? un bel sorriso grazie all'ortodonzia e alle faccette dentali","robots":{"index":"index","follow":"follow","max-snippet":"max-snippet:-1","max-image-preview":"max-image-preview:large","max-video-preview":"max-video-preview:-1"},"canonical":"https:\/\/www.medespoir.fr\/it\/blog\/cristiano-ronaldo-si-e-sottoposto-a-chirurgia-plastica\/","twitter_misc":{"Scritto da":"Varden David","Tempo di lettura stimato":"3 minuti"},"schema":{"@context":"https:\/\/schema.org","@graph":[{"@type":["Article","BlogPosting"],"@id":"https:\/\/www.medespoir.fr\/it\/blog\/cristiano-ronaldo-si-e-sottoposto-a-chirurgia-plastica\/#article","isPartOf":{"@id":"https:\/\/www.medespoir.fr\/it\/blog\/cristiano-ronaldo-si-e-sottoposto-a-chirurgia-plastica\/"},"author":{"name":"Varden David","@id":"https:\/\/www.medespoir.fr\/it\/#\/schema\/person\/a010b19448aff47530580ca94c997b50"},"headline":"Cristiano Ronaldo si \u00e8 sottoposto a chirurgia plastica?","datePublished":"2021-10-26T08:45:58+00:00","dateModified":"2023-02-08T10:03:58+00:00","mainEntityOfPage":{"@id":"https:\/\/www.medespoir.fr\/it\/blog\/cristiano-ronaldo-si-e-sottoposto-a-chirurgia-plastica\/"},"wordCount":455,"publisher":{"@id":"https:\/\/www.medespoir.fr\/it\/#organization"},"image":{"@id":"https:\/\/www.medespoir.fr\/it\/blog\/cristiano-ronaldo-si-e-sottoposto-a-chirurgia-plastica\/#primaryimage"},"thumbnailUrl":"https:\/\/www.medespoir.fr\/wp-content\/uploads\/2022\/06\/cristiano-ronaldo-chirurgie-esthetique.webp","articleSection":["star della chirurgia plastica"],"inLanguage":"it-IT"},{"@type":"WebPage","@id":"https:\/\/www.medespoir.fr\/it\/blog\/cristiano-ronaldo-si-e-sottoposto-a-chirurgia-plastica\/","url":"https:\/\/www.medespoir.fr\/it\/blog\/cristiano-ronaldo-si-e-sottoposto-a-chirurgia-plastica\/","name":"Cristiano Ronaldo chirurgia plastica - CR7 prima e dopo","isPartOf":{"@id":"https:\/\/www.medespoir.fr\/it\/#website"},"primaryImageOfPage":{"@id":"https:\/\/www.medespoir.fr\/it\/blog\/cristiano-ronaldo-si-e-sottoposto-a-chirurgia-plastica\/#primaryimage"},"image":{"@id":"https:\/\/www.medespoir.fr\/it\/blog\/cristiano-ronaldo-si-e-sottoposto-a-chirurgia-plastica\/#primaryimage"},"thumbnailUrl":"https:\/\/www.medespoir.fr\/wp-content\/uploads\/2022\/06\/cristiano-ronaldo-chirurgie-esthetique.webp","datePublished":"2021-10-26T08:45:58+00:00","dateModified":"2023-02-08T10:03:58+00:00","description":"Cristiano Ronaldo si \u00e8 sottoposto a chirurgia plastica? un bel sorriso grazie all'ortodonzia e alle faccette dentali","breadcrumb":{"@id":"https:\/\/www.medespoir.fr\/it\/blog\/cristiano-ronaldo-si-e-sottoposto-a-chirurgia-plastica\/#breadcrumb"},"inLanguage":"it-IT","potentialAction":[{"@type":"ReadAction","target":["https:\/\/www.medespoir.fr\/it\/blog\/cristiano-ronaldo-si-e-sottoposto-a-chirurgia-plastica\/"]}]},{"@type":"ImageObject","inLanguage":"it-IT","@id":"https:\/\/www.medespoir.fr\/it\/blog\/cristiano-ronaldo-si-e-sottoposto-a-chirurgia-plastica\/#primaryimage","url":"https:\/\/www.medespoir.fr\/wp-content\/uploads\/2022\/06\/cristiano-ronaldo-chirurgie-esthetique.webp","contentUrl":"https:\/\/www.medespoir.fr\/wp-content\/uploads\/2022\/06\/cristiano-ronaldo-chirurgie-esthetique.webp","width":945,"height":529},{"@type":"BreadcrumbList","@id":"https:\/\/www.medespoir.fr\/it\/blog\/cristiano-ronaldo-si-e-sottoposto-a-chirurgia-plastica\/#breadcrumb","itemListElement":[{"@type":"ListItem","position":1,"name":"Accueil","item":"https:\/\/www.medespoir.fr\/it\/"},{"@type":"ListItem","position":2,"name":"Cristiano Ronaldo si \u00e8 sottoposto a chirurgia plastica?"}]},{"@type":"WebSite","@id":"https:\/\/www.medespoir.fr\/it\/#website","url":"https:\/\/www.medespoir.fr\/it\/","name":"Medespoir France","description":"Chirurgie esthetique Tunisie","publisher":{"@id":"https:\/\/www.medespoir.fr\/it\/#organization"},"potentialAction":[{"@type":"SearchAction","target":{"@type":"EntryPoint","urlTemplate":"https:\/\/www.medespoir.fr\/it\/?s={search_term_string}"},"query-input":{"@type":"PropertyValueSpecification","valueRequired":true,"valueName":"search_term_string"}}],"inLanguage":"it-IT"},{"@type":"Organization","@id":"https:\/\/www.medespoir.fr\/it\/#organization","name":"Medespoir France","url":"https:\/\/www.medespoir.fr\/it\/","logo":{"@type":"ImageObject","inLanguage":"it-IT","@id":"https:\/\/www.medespoir.fr\/it\/#\/schema\/logo\/image\/","url":"https:\/\/www.medespoir.fr\/wp-content\/uploads\/2021\/10\/cropped-logo__medespoirFR.png","contentUrl":"https:\/\/www.medespoir.fr\/wp-content\/uploads\/2021\/10\/cropped-logo__medespoirFR.png","width":150,"height":62,"caption":"Medespoir France"},"image":{"@id":"https:\/\/www.medespoir.fr\/it\/#\/schema\/logo\/image\/"},"sameAs":["https:\/\/www.facebook.com\/MedEspoirFr","https:\/\/x.com\/MedEspoirTN"]},{"@type":"Person","@id":"https:\/\/www.medespoir.fr\/it\/#\/schema\/person\/a010b19448aff47530580ca94c997b50","name":"Varden David","image":{"@type":"ImageObject","inLanguage":"it-IT","@id":"https:\/\/secure.gravatar.com\/avatar\/5989a2164a20cb175ce6a787a079fe56263e1d3e01fa0441939c87d4fb3c8521?s=96&d=mm&r=g","url":"https:\/\/secure.gravatar.com\/avatar\/5989a2164a20cb175ce6a787a079fe56263e1d3e01fa0441939c87d4fb3c8521?s=96&d=mm&r=g","contentUrl":"https:\/\/secure.gravatar.com\/avatar\/5989a2164a20cb175ce6a787a079fe56263e1d3e01fa0441939c87d4fb3c8521?s=96&d=mm&r=g","caption":"Varden David"}}]}},"_links":{"self":[{"href":"https:\/\/www.medespoir.fr\/it\/wp-json\/wp\/v2\/posts\/26528","targetHints":{"allow":["GET"]}}],"collection":[{"href":"https:\/\/www.medespoir.fr\/it\/wp-json\/wp\/v2\/posts"}],"about":[{"href":"https:\/\/www.medespoir.fr\/it\/wp-json\/wp\/v2\/types\/post"}],"author":[{"embeddable":true,"href":"https:\/\/www.medespoir.fr\/it\/wp-json\/wp\/v2\/users\/1"}],"replies":[{"embeddable":true,"href":"https:\/\/www.medespoir.fr\/it\/wp-json\/wp\/v2\/comments?post=26528"}],"version-history":[{"count":0,"href":"https:\/\/www.medespoir.fr\/it\/wp-json\/wp\/v2\/posts\/26528\/revisions"}],"wp:featuredmedia":[{"embeddable":true,"href":"https:\/\/www.medespoir.fr\/it\/wp-json\/wp\/v2\/media\/17480"}],"wp:attachment":[{"href":"https:\/\/www.medespoir.fr\/it\/wp-json\/wp\/v2\/media?parent=26528"}],"wp:term":[{"taxonomy":"category","embeddable":true,"href":"https:\/\/www.medespoir.fr\/it\/wp-json\/wp\/v2\/categories?post=26528"},{"taxonomy":"post_tag","embeddable":true,"href":"https:\/\/www.medespoir.fr\/it\/wp-json\/wp\/v2\/tags?post=26528"}],"curies":[{"name":"wp","href":"https:\/\/api.w.org\/{rel}","templated":true}]}}