{"id":26449,"date":"2021-11-04T09:34:19","date_gmt":"2021-11-04T08:34:19","guid":{"rendered":"https:\/\/www.medespoir.fr\/blog\/caroline-receveur-parla-delle-sue-esigenze-di-chirurgia-plastica\/"},"modified":"2023-02-07T16:39:37","modified_gmt":"2023-02-07T15:39:37","slug":"caroline-receveur-parla-delle-sue-esigenze-di-chirurgia-plastica","status":"publish","type":"post","link":"https:\/\/www.medespoir.fr\/it\/blog\/caroline-receveur-parla-delle-sue-esigenze-di-chirurgia-plastica\/","title":{"rendered":"Caroline Receveur parla delle sue esigenze di chirurgia plastica"},"content":{"rendered":"<p>Guardarsi allo specchio non basta per sentirsi a proprio agio e perfetti. Le <strong>star e le starlette dei reality<\/strong> e dei social network vi diranno qualcosa al riguardo. Prendiamo ad esempio Caroline Receveur. Basta guardare le sue foto da quando \u00e8 diventata famosa per vedere le enormi differenze che ha subito. In questo modo, possiamo comprendere i complessi che vive e ha vissuto.<\/p>\n<p style=\"text-align: left;\">Tuttavia, i fan di <strong>Caroline Receveur<\/strong> sono numerosi e la seguono ovunque. Lo trovano meravigliosamente perfetto. Ma ha davvero questo senso di autocompiacimento? Se \u00e8 cos\u00ec, <a href=\"https:\/\/www.medespoir.fr\/it\/\">perch\u00e9 ricorre alla chirurgia plastica?<\/a> Infatti, ne parla in modo eloquente e ammette il suo attaccamento a questa tecnica chirurgica per abbellire il suo corpo.<\/p>\n<p>Caroline Receveur, come influencer, non teme il freddo. Racconta tutto. Racconta ai suoi fan come si \u00e8 sottoposta a un intervento di chirurgia plastica. E non tutti possono farlo. In particolare, che Caroline \u00e8 sensibile e deve rimanere sempre brillante per compiacere i suoi fan. Dopo tutto, \u00e8 il suo lavoro e il suo sostentamento.<\/p>\n<p style=\"text-align: center;\"><img fetchpriority=\"high\" decoding=\"async\" class=\"aligncenter wp-image-6549 size-full\" src=\"https:\/\/www.medespoir.fr\/wp-content\/uploads\/2021\/11\/Caroline-Receveur-chirurgie-esthetique.webp\" alt=\"Caroline Receveur chirurgia estetica\" width=\"660\" height=\"370\"><\/p>\n<p>Da qualche anno \u00e8 diventata madre. Ma il <a href=\"https:\/\/www.medespoir.fr\/it\/blog\/come-evitare-le-smagliature-dopo-la-gravidanza\/\">periodo della gravidanza<\/a> ha avuto la sua influenza sul suo corpo e sulla sua psiche. Lo ammette lei stessa, dicendo che quando ricorda questo periodo, vede il suo seno. Li vede appesi e non le piace molto. E questo \u00e8 stato uno dei fattori che lo ha portato a <a href=\"https:\/\/www.medespoir.fr\/chirurgie-esthetique-maroc\/\">sdraiarsi sul tavolo del chirurgo plastico<\/a>. Tuttavia, la decisione di inserire delle protesi richiede saggezza. In effetti, negli ultimi tempi si \u00e8 assistito a uno scandalo in questo settore dell&#8217;applicazione delle protesi, per cui \u00e8 essenziale valutare i pro e i contro prima di decidere di applicarle sul proprio torace.<\/p>\n<p>Ma gi\u00e0 da qualche anno Caroline Receveur si \u00e8 sottoposta a un intervento di chirurgia estetica e ha ritirato le protesi sul petto. E da allora tutto \u00e8 andato bene. Caroline ha scelto bene il suo chirurgo plastico. \u00c8 uno dei migliori e ha fatto bene la sua operazione. Caroline indossa le sue protesi da anni e tutto procede bene. Anzi, ne \u00e8 molto felice e ha un corpo perfetto per s\u00e9 e per i suoi fan.<\/p>\n<p>Questa \u00e8 l&#8217;unica volta che Caroline Receveur si \u00e8 fatta applicare le protesi e lo ha raccontato ai suoi fan.<\/p>\n","protected":false},"excerpt":{"rendered":"<p>Guardarsi allo specchio non basta per sentirsi a proprio agio e perfetti. Le star e le starlette dei reality e [&hellip;]<\/p>\n","protected":false},"author":1,"featured_media":17498,"comment_status":"closed","ping_status":"closed","sticky":false,"template":"","format":"standard","meta":{"footnotes":""},"categories":[127],"tags":[],"class_list":["post-26449","post","type-post","status-publish","format-standard","has-post-thumbnail","hentry","category-star-della-chirurgia-plastica"],"yoast_head":"<!-- This site is optimized with the Yoast SEO plugin v27.5 - https:\/\/yoast.com\/product\/yoast-seo-wordpress\/ -->\n<title>Caroline Receveur chirurgia plastica: parla delle sue esigenze<\/title>\n<meta name=\"description\" content=\"Caroline Receveur rivela finalmente tutto sulle sue esigenze di chirurgia plastica\" \/>\n<meta name=\"robots\" content=\"index, follow, max-snippet:-1, max-image-preview:large, max-video-preview:-1\" \/>\n<link rel=\"canonical\" href=\"https:\/\/www.medespoir.fr\/it\/blog\/caroline-receveur-parla-delle-sue-esigenze-di-chirurgia-plastica\/\" \/>\n<meta name=\"twitter:label1\" content=\"Scritto da\" \/>\n\t<meta name=\"twitter:data1\" content=\"Varden David\" \/>\n\t<meta name=\"twitter:label2\" content=\"Tempo di lettura stimato\" \/>\n\t<meta name=\"twitter:data2\" content=\"3 minuti\" \/>\n<script type=\"application\/ld+json\" class=\"yoast-schema-graph\">{\"@context\":\"https:\\\/\\\/schema.org\",\"@graph\":[{\"@type\":[\"Article\",\"BlogPosting\"],\"@id\":\"https:\\\/\\\/www.medespoir.fr\\\/it\\\/blog\\\/caroline-receveur-parla-delle-sue-esigenze-di-chirurgia-plastica\\\/#article\",\"isPartOf\":{\"@id\":\"https:\\\/\\\/www.medespoir.fr\\\/it\\\/blog\\\/caroline-receveur-parla-delle-sue-esigenze-di-chirurgia-plastica\\\/\"},\"author\":{\"name\":\"Varden David\",\"@id\":\"https:\\\/\\\/www.medespoir.fr\\\/it\\\/#\\\/schema\\\/person\\\/a010b19448aff47530580ca94c997b50\"},\"headline\":\"Caroline Receveur parla delle sue esigenze di chirurgia plastica\",\"datePublished\":\"2021-11-04T08:34:19+00:00\",\"dateModified\":\"2023-02-07T15:39:37+00:00\",\"mainEntityOfPage\":{\"@id\":\"https:\\\/\\\/www.medespoir.fr\\\/it\\\/blog\\\/caroline-receveur-parla-delle-sue-esigenze-di-chirurgia-plastica\\\/\"},\"wordCount\":369,\"publisher\":{\"@id\":\"https:\\\/\\\/www.medespoir.fr\\\/it\\\/#organization\"},\"image\":{\"@id\":\"https:\\\/\\\/www.medespoir.fr\\\/it\\\/blog\\\/caroline-receveur-parla-delle-sue-esigenze-di-chirurgia-plastica\\\/#primaryimage\"},\"thumbnailUrl\":\"https:\\\/\\\/www.medespoir.fr\\\/wp-content\\\/uploads\\\/2022\\\/06\\\/Caroline-Receveur-avant-apres.webp\",\"articleSection\":[\"star della chirurgia plastica\"],\"inLanguage\":\"it-IT\"},{\"@type\":\"WebPage\",\"@id\":\"https:\\\/\\\/www.medespoir.fr\\\/it\\\/blog\\\/caroline-receveur-parla-delle-sue-esigenze-di-chirurgia-plastica\\\/\",\"url\":\"https:\\\/\\\/www.medespoir.fr\\\/it\\\/blog\\\/caroline-receveur-parla-delle-sue-esigenze-di-chirurgia-plastica\\\/\",\"name\":\"Caroline Receveur chirurgia plastica: parla delle sue esigenze\",\"isPartOf\":{\"@id\":\"https:\\\/\\\/www.medespoir.fr\\\/it\\\/#website\"},\"primaryImageOfPage\":{\"@id\":\"https:\\\/\\\/www.medespoir.fr\\\/it\\\/blog\\\/caroline-receveur-parla-delle-sue-esigenze-di-chirurgia-plastica\\\/#primaryimage\"},\"image\":{\"@id\":\"https:\\\/\\\/www.medespoir.fr\\\/it\\\/blog\\\/caroline-receveur-parla-delle-sue-esigenze-di-chirurgia-plastica\\\/#primaryimage\"},\"thumbnailUrl\":\"https:\\\/\\\/www.medespoir.fr\\\/wp-content\\\/uploads\\\/2022\\\/06\\\/Caroline-Receveur-avant-apres.webp\",\"datePublished\":\"2021-11-04T08:34:19+00:00\",\"dateModified\":\"2023-02-07T15:39:37+00:00\",\"description\":\"Caroline Receveur rivela finalmente tutto sulle sue esigenze di chirurgia plastica\",\"breadcrumb\":{\"@id\":\"https:\\\/\\\/www.medespoir.fr\\\/it\\\/blog\\\/caroline-receveur-parla-delle-sue-esigenze-di-chirurgia-plastica\\\/#breadcrumb\"},\"inLanguage\":\"it-IT\",\"potentialAction\":[{\"@type\":\"ReadAction\",\"target\":[\"https:\\\/\\\/www.medespoir.fr\\\/it\\\/blog\\\/caroline-receveur-parla-delle-sue-esigenze-di-chirurgia-plastica\\\/\"]}]},{\"@type\":\"ImageObject\",\"inLanguage\":\"it-IT\",\"@id\":\"https:\\\/\\\/www.medespoir.fr\\\/it\\\/blog\\\/caroline-receveur-parla-delle-sue-esigenze-di-chirurgia-plastica\\\/#primaryimage\",\"url\":\"https:\\\/\\\/www.medespoir.fr\\\/wp-content\\\/uploads\\\/2022\\\/06\\\/Caroline-Receveur-avant-apres.webp\",\"contentUrl\":\"https:\\\/\\\/www.medespoir.fr\\\/wp-content\\\/uploads\\\/2022\\\/06\\\/Caroline-Receveur-avant-apres.webp\",\"width\":674,\"height\":500},{\"@type\":\"BreadcrumbList\",\"@id\":\"https:\\\/\\\/www.medespoir.fr\\\/it\\\/blog\\\/caroline-receveur-parla-delle-sue-esigenze-di-chirurgia-plastica\\\/#breadcrumb\",\"itemListElement\":[{\"@type\":\"ListItem\",\"position\":1,\"name\":\"Accueil\",\"item\":\"https:\\\/\\\/www.medespoir.fr\\\/it\\\/\"},{\"@type\":\"ListItem\",\"position\":2,\"name\":\"Caroline Receveur parla delle sue esigenze di chirurgia plastica\"}]},{\"@type\":\"WebSite\",\"@id\":\"https:\\\/\\\/www.medespoir.fr\\\/it\\\/#website\",\"url\":\"https:\\\/\\\/www.medespoir.fr\\\/it\\\/\",\"name\":\"Medespoir France\",\"description\":\"Chirurgie esthetique Tunisie\",\"publisher\":{\"@id\":\"https:\\\/\\\/www.medespoir.fr\\\/it\\\/#organization\"},\"potentialAction\":[{\"@type\":\"SearchAction\",\"target\":{\"@type\":\"EntryPoint\",\"urlTemplate\":\"https:\\\/\\\/www.medespoir.fr\\\/it\\\/?s={search_term_string}\"},\"query-input\":{\"@type\":\"PropertyValueSpecification\",\"valueRequired\":true,\"valueName\":\"search_term_string\"}}],\"inLanguage\":\"it-IT\"},{\"@type\":\"Organization\",\"@id\":\"https:\\\/\\\/www.medespoir.fr\\\/it\\\/#organization\",\"name\":\"Medespoir France\",\"url\":\"https:\\\/\\\/www.medespoir.fr\\\/it\\\/\",\"logo\":{\"@type\":\"ImageObject\",\"inLanguage\":\"it-IT\",\"@id\":\"https:\\\/\\\/www.medespoir.fr\\\/it\\\/#\\\/schema\\\/logo\\\/image\\\/\",\"url\":\"https:\\\/\\\/www.medespoir.fr\\\/wp-content\\\/uploads\\\/2021\\\/10\\\/cropped-logo__medespoirFR.png\",\"contentUrl\":\"https:\\\/\\\/www.medespoir.fr\\\/wp-content\\\/uploads\\\/2021\\\/10\\\/cropped-logo__medespoirFR.png\",\"width\":150,\"height\":62,\"caption\":\"Medespoir France\"},\"image\":{\"@id\":\"https:\\\/\\\/www.medespoir.fr\\\/it\\\/#\\\/schema\\\/logo\\\/image\\\/\"},\"sameAs\":[\"https:\\\/\\\/www.facebook.com\\\/MedEspoirFr\",\"https:\\\/\\\/x.com\\\/MedEspoirTN\"]},{\"@type\":\"Person\",\"@id\":\"https:\\\/\\\/www.medespoir.fr\\\/it\\\/#\\\/schema\\\/person\\\/a010b19448aff47530580ca94c997b50\",\"name\":\"Varden David\",\"image\":{\"@type\":\"ImageObject\",\"inLanguage\":\"it-IT\",\"@id\":\"https:\\\/\\\/secure.gravatar.com\\\/avatar\\\/5989a2164a20cb175ce6a787a079fe56263e1d3e01fa0441939c87d4fb3c8521?s=96&d=mm&r=g\",\"url\":\"https:\\\/\\\/secure.gravatar.com\\\/avatar\\\/5989a2164a20cb175ce6a787a079fe56263e1d3e01fa0441939c87d4fb3c8521?s=96&d=mm&r=g\",\"contentUrl\":\"https:\\\/\\\/secure.gravatar.com\\\/avatar\\\/5989a2164a20cb175ce6a787a079fe56263e1d3e01fa0441939c87d4fb3c8521?s=96&d=mm&r=g\",\"caption\":\"Varden David\"}}]}<\/script>\n<!-- \/ Yoast SEO plugin. -->","yoast_head_json":{"title":"Caroline Receveur chirurgia plastica: parla delle sue esigenze","description":"Caroline Receveur rivela finalmente tutto sulle sue esigenze di chirurgia plastica","robots":{"index":"index","follow":"follow","max-snippet":"max-snippet:-1","max-image-preview":"max-image-preview:large","max-video-preview":"max-video-preview:-1"},"canonical":"https:\/\/www.medespoir.fr\/it\/blog\/caroline-receveur-parla-delle-sue-esigenze-di-chirurgia-plastica\/","twitter_misc":{"Scritto da":"Varden David","Tempo di lettura stimato":"3 minuti"},"schema":{"@context":"https:\/\/schema.org","@graph":[{"@type":["Article","BlogPosting"],"@id":"https:\/\/www.medespoir.fr\/it\/blog\/caroline-receveur-parla-delle-sue-esigenze-di-chirurgia-plastica\/#article","isPartOf":{"@id":"https:\/\/www.medespoir.fr\/it\/blog\/caroline-receveur-parla-delle-sue-esigenze-di-chirurgia-plastica\/"},"author":{"name":"Varden David","@id":"https:\/\/www.medespoir.fr\/it\/#\/schema\/person\/a010b19448aff47530580ca94c997b50"},"headline":"Caroline Receveur parla delle sue esigenze di chirurgia plastica","datePublished":"2021-11-04T08:34:19+00:00","dateModified":"2023-02-07T15:39:37+00:00","mainEntityOfPage":{"@id":"https:\/\/www.medespoir.fr\/it\/blog\/caroline-receveur-parla-delle-sue-esigenze-di-chirurgia-plastica\/"},"wordCount":369,"publisher":{"@id":"https:\/\/www.medespoir.fr\/it\/#organization"},"image":{"@id":"https:\/\/www.medespoir.fr\/it\/blog\/caroline-receveur-parla-delle-sue-esigenze-di-chirurgia-plastica\/#primaryimage"},"thumbnailUrl":"https:\/\/www.medespoir.fr\/wp-content\/uploads\/2022\/06\/Caroline-Receveur-avant-apres.webp","articleSection":["star della chirurgia plastica"],"inLanguage":"it-IT"},{"@type":"WebPage","@id":"https:\/\/www.medespoir.fr\/it\/blog\/caroline-receveur-parla-delle-sue-esigenze-di-chirurgia-plastica\/","url":"https:\/\/www.medespoir.fr\/it\/blog\/caroline-receveur-parla-delle-sue-esigenze-di-chirurgia-plastica\/","name":"Caroline Receveur chirurgia plastica: parla delle sue esigenze","isPartOf":{"@id":"https:\/\/www.medespoir.fr\/it\/#website"},"primaryImageOfPage":{"@id":"https:\/\/www.medespoir.fr\/it\/blog\/caroline-receveur-parla-delle-sue-esigenze-di-chirurgia-plastica\/#primaryimage"},"image":{"@id":"https:\/\/www.medespoir.fr\/it\/blog\/caroline-receveur-parla-delle-sue-esigenze-di-chirurgia-plastica\/#primaryimage"},"thumbnailUrl":"https:\/\/www.medespoir.fr\/wp-content\/uploads\/2022\/06\/Caroline-Receveur-avant-apres.webp","datePublished":"2021-11-04T08:34:19+00:00","dateModified":"2023-02-07T15:39:37+00:00","description":"Caroline Receveur rivela finalmente tutto sulle sue esigenze di chirurgia plastica","breadcrumb":{"@id":"https:\/\/www.medespoir.fr\/it\/blog\/caroline-receveur-parla-delle-sue-esigenze-di-chirurgia-plastica\/#breadcrumb"},"inLanguage":"it-IT","potentialAction":[{"@type":"ReadAction","target":["https:\/\/www.medespoir.fr\/it\/blog\/caroline-receveur-parla-delle-sue-esigenze-di-chirurgia-plastica\/"]}]},{"@type":"ImageObject","inLanguage":"it-IT","@id":"https:\/\/www.medespoir.fr\/it\/blog\/caroline-receveur-parla-delle-sue-esigenze-di-chirurgia-plastica\/#primaryimage","url":"https:\/\/www.medespoir.fr\/wp-content\/uploads\/2022\/06\/Caroline-Receveur-avant-apres.webp","contentUrl":"https:\/\/www.medespoir.fr\/wp-content\/uploads\/2022\/06\/Caroline-Receveur-avant-apres.webp","width":674,"height":500},{"@type":"BreadcrumbList","@id":"https:\/\/www.medespoir.fr\/it\/blog\/caroline-receveur-parla-delle-sue-esigenze-di-chirurgia-plastica\/#breadcrumb","itemListElement":[{"@type":"ListItem","position":1,"name":"Accueil","item":"https:\/\/www.medespoir.fr\/it\/"},{"@type":"ListItem","position":2,"name":"Caroline Receveur parla delle sue esigenze di chirurgia plastica"}]},{"@type":"WebSite","@id":"https:\/\/www.medespoir.fr\/it\/#website","url":"https:\/\/www.medespoir.fr\/it\/","name":"Medespoir France","description":"Chirurgie esthetique Tunisie","publisher":{"@id":"https:\/\/www.medespoir.fr\/it\/#organization"},"potentialAction":[{"@type":"SearchAction","target":{"@type":"EntryPoint","urlTemplate":"https:\/\/www.medespoir.fr\/it\/?s={search_term_string}"},"query-input":{"@type":"PropertyValueSpecification","valueRequired":true,"valueName":"search_term_string"}}],"inLanguage":"it-IT"},{"@type":"Organization","@id":"https:\/\/www.medespoir.fr\/it\/#organization","name":"Medespoir France","url":"https:\/\/www.medespoir.fr\/it\/","logo":{"@type":"ImageObject","inLanguage":"it-IT","@id":"https:\/\/www.medespoir.fr\/it\/#\/schema\/logo\/image\/","url":"https:\/\/www.medespoir.fr\/wp-content\/uploads\/2021\/10\/cropped-logo__medespoirFR.png","contentUrl":"https:\/\/www.medespoir.fr\/wp-content\/uploads\/2021\/10\/cropped-logo__medespoirFR.png","width":150,"height":62,"caption":"Medespoir France"},"image":{"@id":"https:\/\/www.medespoir.fr\/it\/#\/schema\/logo\/image\/"},"sameAs":["https:\/\/www.facebook.com\/MedEspoirFr","https:\/\/x.com\/MedEspoirTN"]},{"@type":"Person","@id":"https:\/\/www.medespoir.fr\/it\/#\/schema\/person\/a010b19448aff47530580ca94c997b50","name":"Varden David","image":{"@type":"ImageObject","inLanguage":"it-IT","@id":"https:\/\/secure.gravatar.com\/avatar\/5989a2164a20cb175ce6a787a079fe56263e1d3e01fa0441939c87d4fb3c8521?s=96&d=mm&r=g","url":"https:\/\/secure.gravatar.com\/avatar\/5989a2164a20cb175ce6a787a079fe56263e1d3e01fa0441939c87d4fb3c8521?s=96&d=mm&r=g","contentUrl":"https:\/\/secure.gravatar.com\/avatar\/5989a2164a20cb175ce6a787a079fe56263e1d3e01fa0441939c87d4fb3c8521?s=96&d=mm&r=g","caption":"Varden David"}}]}},"_links":{"self":[{"href":"https:\/\/www.medespoir.fr\/it\/wp-json\/wp\/v2\/posts\/26449","targetHints":{"allow":["GET"]}}],"collection":[{"href":"https:\/\/www.medespoir.fr\/it\/wp-json\/wp\/v2\/posts"}],"about":[{"href":"https:\/\/www.medespoir.fr\/it\/wp-json\/wp\/v2\/types\/post"}],"author":[{"embeddable":true,"href":"https:\/\/www.medespoir.fr\/it\/wp-json\/wp\/v2\/users\/1"}],"replies":[{"embeddable":true,"href":"https:\/\/www.medespoir.fr\/it\/wp-json\/wp\/v2\/comments?post=26449"}],"version-history":[{"count":0,"href":"https:\/\/www.medespoir.fr\/it\/wp-json\/wp\/v2\/posts\/26449\/revisions"}],"wp:featuredmedia":[{"embeddable":true,"href":"https:\/\/www.medespoir.fr\/it\/wp-json\/wp\/v2\/media\/17498"}],"wp:attachment":[{"href":"https:\/\/www.medespoir.fr\/it\/wp-json\/wp\/v2\/media?parent=26449"}],"wp:term":[{"taxonomy":"category","embeddable":true,"href":"https:\/\/www.medespoir.fr\/it\/wp-json\/wp\/v2\/categories?post=26449"},{"taxonomy":"post_tag","embeddable":true,"href":"https:\/\/www.medespoir.fr\/it\/wp-json\/wp\/v2\/tags?post=26449"}],"curies":[{"name":"wp","href":"https:\/\/api.w.org\/{rel}","templated":true}]}}