{"id":26345,"date":"2022-04-11T09:33:36","date_gmt":"2022-04-11T07:33:36","guid":{"rendered":"https:\/\/www.medespoir.fr\/blog\/quando-alzare-le-braccia-dopo-una-mastoplastica-additiva\/"},"modified":"2023-02-07T14:29:11","modified_gmt":"2023-02-07T13:29:11","slug":"quando-alzare-le-braccia-dopo-una-mastoplastica-additiva","status":"publish","type":"post","link":"https:\/\/www.medespoir.fr\/it\/blog\/quando-alzare-le-braccia-dopo-una-mastoplastica-additiva\/","title":{"rendered":"Quando alzare le braccia dopo una mastoplastica additiva?"},"content":{"rendered":"<p>Prima di rispondere alla domanda su quando sollevare le braccia dopo una mastoplastica additiva, \u00e8 importante sapere che cos&#8217;\u00e8 un intervento di mastoplastica additiva.<\/p>\n<p>La <strong>mastoplastica additiva<\/strong> \u00e8 un intervento di chirurgia estetica che consiste nell&#8217;<a href=\"https:\/\/www.medespoir.fr\/it\/mastoplastica-additiva-turchia\/\">aumentare il volume del seno<\/a> o nel <a href=\"https:\/\/www.medespoir.fr\/it\/chirurgia-del-seno\/\">rimodellarlo<\/a>. \u00c8 una delle procedure di chirurgia estetica pi\u00f9 comunemente eseguite.<\/p>\n<p>L&#8217;aumento del seno pu\u00f2 essere effettuato con diverse tecniche:<\/p>\n<ul>\n<li><strong>Aumento del seno con protesi<\/strong>: tecnica che consiste nell&#8217;impiantare protesi nel seno della paziente per aumentarne le dimensioni.<\/li>\n<li><strong>Lipofilling del seno<\/strong>: iniezione di grasso dal corpo del paziente.<\/li>\n<li><strong>Aumento del seno composito, che<\/strong>consiste nel mescolare le due tecniche sopra menzionate.<\/li>\n<\/ul>\n<h2>Cosa succede dopo una mastoplastica additiva?<\/h2>\n<p>Molto spesso, dopo un intervento di chirurgia plastica, ogni persona recupera secondo i propri ritmi. Di norma, il recupero dalla mastoplastica additiva \u00e8 rapido. Questo tempo pu\u00f2 variare da persona a persona e a seconda del tipo di impianti utilizzati. Il tempo medio di recupero completo \u00e8 di circa sei settimane.<\/p>\n<p>Per quanto riguarda il seno, esso diventer\u00e0 progressivamente pi\u00f9 morbido anche se le dimensioni del volume rimarranno invariate. Il risultato finale \u00e8 spesso visibile dopo un periodo di 3 mesi.<\/p>\n<h2>Quando si devono alzare le braccia?<\/h2>\n<p>Una delle domande che spesso ci si pone \u00e8 quando sollevare le <strong>braccia dopo una mastoplastica additiva<\/strong>, indipendentemente dalla tecnica utilizzata.<\/p>\n<p>Nelle 6 settimane successive all&#8217;intervento di aumento del seno \u00e8 importante non fare sforzi fisici, soprattutto per gli arti superiori. \u00c8 necessario prestare attenzione quando si sollevano le braccia, poich\u00e9 l&#8217;area intorno alle mani e ai gomiti pu\u00f2 facilmente muoversi al termine della procedura. Si consiglia alla paziente di non sollevare le braccia per la prima settimana dopo l&#8217;intervento. Le braccia devono essere tenute vicine al corpo. Nella seconda settimana dopo l&#8217;intervento, la paziente pu\u00f2 alzare le braccia a 90\u00b0. Durante questo periodo dopo l&#8217;intervento, la paziente dovr\u00e0 dormire sulla schiena e sul fianco dopo il primo mese.<\/p>\n<h2>Quando si devono muovere normalmente le braccia?<\/h2>\n<p>Dopo un mese dall&#8217;intervento di aumento del seno, la paziente pu\u00f2 normalmente muovere le braccia senza alcun rischio. Sar\u00e0 quindi libera di sollevare le braccia seguendo le raccomandazioni del chirurgo dopo l&#8217;operazione. \u00c8 quindi importante che la paziente prenda delle precauzioni nel muovere le braccia per evitare l&#8217;insorgere del dolore e il rischio di rotazione.<\/p>\n<p>Per evitare una posizione completamente orizzontale, il paziente pu\u00f2 dormire in posizione semiseduta. Per favorire i tempi di recupero, la paziente dovrebbe anche investire nel reggiseno giusto e specifico per la cura del seno <a href=\"https:\/\/www.medespoir.fr\/it\/blog\/quando-si-puo-dormire-a-pancia-in-giu-dopo-lintervento-di-mastoplastica-additiva\/\">dopo l&#8217;intervento di mastoplastica additiva<\/a>.<\/p>\n<p>La ripresa dell&#8217;attivit\u00e0 fisica pu\u00f2 essere prevista a partire dalla sesta settimana dopo l&#8217;intervento.<\/p>\n<p>Anche la routine sportiva \u00e8 necessaria, cos\u00ec come il tempo di riposo.<\/p>\n","protected":false},"excerpt":{"rendered":"<p>Prima di rispondere alla domanda su quando sollevare le braccia dopo una mastoplastica additiva, \u00e8 importante sapere che cos&#8217;\u00e8 un [&hellip;]<\/p>\n","protected":false},"author":1,"featured_media":17727,"comment_status":"closed","ping_status":"closed","sticky":false,"template":"","format":"standard","meta":{"footnotes":""},"categories":[85],"tags":[],"class_list":["post-26345","post","type-post","status-publish","format-standard","has-post-thumbnail","hentry","category-non-categorizzato"],"yoast_head":"<!-- This site is optimized with the Yoast SEO plugin v27.5 - https:\/\/yoast.com\/product\/yoast-seo-wordpress\/ -->\n<title>Quando sollevare le braccia dopo l&#039;aumento del seno?<\/title>\n<meta name=\"description\" content=\"sollevare le braccia dopo una mastoplastica additiva. Quando sollevare le braccia dopo un aumento del seno\" \/>\n<meta name=\"robots\" content=\"index, follow, max-snippet:-1, max-image-preview:large, max-video-preview:-1\" \/>\n<link rel=\"canonical\" href=\"https:\/\/www.medespoir.fr\/it\/blog\/quando-alzare-le-braccia-dopo-una-mastoplastica-additiva\/\" \/>\n<meta name=\"twitter:label1\" content=\"Scritto da\" \/>\n\t<meta name=\"twitter:data1\" content=\"Varden David\" \/>\n\t<meta name=\"twitter:label2\" content=\"Tempo di lettura stimato\" \/>\n\t<meta name=\"twitter:data2\" content=\"3 minuti\" \/>\n<script type=\"application\/ld+json\" class=\"yoast-schema-graph\">{\"@context\":\"https:\\\/\\\/schema.org\",\"@graph\":[{\"@type\":[\"Article\",\"BlogPosting\"],\"@id\":\"https:\\\/\\\/www.medespoir.fr\\\/it\\\/blog\\\/quando-alzare-le-braccia-dopo-una-mastoplastica-additiva\\\/#article\",\"isPartOf\":{\"@id\":\"https:\\\/\\\/www.medespoir.fr\\\/it\\\/blog\\\/quando-alzare-le-braccia-dopo-una-mastoplastica-additiva\\\/\"},\"author\":{\"name\":\"Varden David\",\"@id\":\"https:\\\/\\\/www.medespoir.fr\\\/it\\\/#\\\/schema\\\/person\\\/a010b19448aff47530580ca94c997b50\"},\"headline\":\"Quando alzare le braccia dopo una mastoplastica additiva?\",\"datePublished\":\"2022-04-11T07:33:36+00:00\",\"dateModified\":\"2023-02-07T13:29:11+00:00\",\"mainEntityOfPage\":{\"@id\":\"https:\\\/\\\/www.medespoir.fr\\\/it\\\/blog\\\/quando-alzare-le-braccia-dopo-una-mastoplastica-additiva\\\/\"},\"wordCount\":449,\"publisher\":{\"@id\":\"https:\\\/\\\/www.medespoir.fr\\\/it\\\/#organization\"},\"image\":{\"@id\":\"https:\\\/\\\/www.medespoir.fr\\\/it\\\/blog\\\/quando-alzare-le-braccia-dopo-una-mastoplastica-additiva\\\/#primaryimage\"},\"thumbnailUrl\":\"https:\\\/\\\/www.medespoir.fr\\\/wp-content\\\/uploads\\\/2022\\\/04\\\/Quand-lever-les-bras-apres-augmentation-mammaire.webp\",\"articleSection\":[\"Non categorizzato\"],\"inLanguage\":\"it-IT\"},{\"@type\":\"WebPage\",\"@id\":\"https:\\\/\\\/www.medespoir.fr\\\/it\\\/blog\\\/quando-alzare-le-braccia-dopo-una-mastoplastica-additiva\\\/\",\"url\":\"https:\\\/\\\/www.medespoir.fr\\\/it\\\/blog\\\/quando-alzare-le-braccia-dopo-una-mastoplastica-additiva\\\/\",\"name\":\"Quando sollevare le braccia dopo l'aumento del seno?\",\"isPartOf\":{\"@id\":\"https:\\\/\\\/www.medespoir.fr\\\/it\\\/#website\"},\"primaryImageOfPage\":{\"@id\":\"https:\\\/\\\/www.medespoir.fr\\\/it\\\/blog\\\/quando-alzare-le-braccia-dopo-una-mastoplastica-additiva\\\/#primaryimage\"},\"image\":{\"@id\":\"https:\\\/\\\/www.medespoir.fr\\\/it\\\/blog\\\/quando-alzare-le-braccia-dopo-una-mastoplastica-additiva\\\/#primaryimage\"},\"thumbnailUrl\":\"https:\\\/\\\/www.medespoir.fr\\\/wp-content\\\/uploads\\\/2022\\\/04\\\/Quand-lever-les-bras-apres-augmentation-mammaire.webp\",\"datePublished\":\"2022-04-11T07:33:36+00:00\",\"dateModified\":\"2023-02-07T13:29:11+00:00\",\"description\":\"sollevare le braccia dopo una mastoplastica additiva. Quando sollevare le braccia dopo un aumento del seno\",\"breadcrumb\":{\"@id\":\"https:\\\/\\\/www.medespoir.fr\\\/it\\\/blog\\\/quando-alzare-le-braccia-dopo-una-mastoplastica-additiva\\\/#breadcrumb\"},\"inLanguage\":\"it-IT\",\"potentialAction\":[{\"@type\":\"ReadAction\",\"target\":[\"https:\\\/\\\/www.medespoir.fr\\\/it\\\/blog\\\/quando-alzare-le-braccia-dopo-una-mastoplastica-additiva\\\/\"]}]},{\"@type\":\"ImageObject\",\"inLanguage\":\"it-IT\",\"@id\":\"https:\\\/\\\/www.medespoir.fr\\\/it\\\/blog\\\/quando-alzare-le-braccia-dopo-una-mastoplastica-additiva\\\/#primaryimage\",\"url\":\"https:\\\/\\\/www.medespoir.fr\\\/wp-content\\\/uploads\\\/2022\\\/04\\\/Quand-lever-les-bras-apres-augmentation-mammaire.webp\",\"contentUrl\":\"https:\\\/\\\/www.medespoir.fr\\\/wp-content\\\/uploads\\\/2022\\\/04\\\/Quand-lever-les-bras-apres-augmentation-mammaire.webp\",\"width\":980,\"height\":638},{\"@type\":\"BreadcrumbList\",\"@id\":\"https:\\\/\\\/www.medespoir.fr\\\/it\\\/blog\\\/quando-alzare-le-braccia-dopo-una-mastoplastica-additiva\\\/#breadcrumb\",\"itemListElement\":[{\"@type\":\"ListItem\",\"position\":1,\"name\":\"Accueil\",\"item\":\"https:\\\/\\\/www.medespoir.fr\\\/it\\\/\"},{\"@type\":\"ListItem\",\"position\":2,\"name\":\"Quando alzare le braccia dopo una mastoplastica additiva?\"}]},{\"@type\":\"WebSite\",\"@id\":\"https:\\\/\\\/www.medespoir.fr\\\/it\\\/#website\",\"url\":\"https:\\\/\\\/www.medespoir.fr\\\/it\\\/\",\"name\":\"Medespoir France\",\"description\":\"Chirurgie esthetique Tunisie\",\"publisher\":{\"@id\":\"https:\\\/\\\/www.medespoir.fr\\\/it\\\/#organization\"},\"potentialAction\":[{\"@type\":\"SearchAction\",\"target\":{\"@type\":\"EntryPoint\",\"urlTemplate\":\"https:\\\/\\\/www.medespoir.fr\\\/it\\\/?s={search_term_string}\"},\"query-input\":{\"@type\":\"PropertyValueSpecification\",\"valueRequired\":true,\"valueName\":\"search_term_string\"}}],\"inLanguage\":\"it-IT\"},{\"@type\":\"Organization\",\"@id\":\"https:\\\/\\\/www.medespoir.fr\\\/it\\\/#organization\",\"name\":\"Medespoir France\",\"url\":\"https:\\\/\\\/www.medespoir.fr\\\/it\\\/\",\"logo\":{\"@type\":\"ImageObject\",\"inLanguage\":\"it-IT\",\"@id\":\"https:\\\/\\\/www.medespoir.fr\\\/it\\\/#\\\/schema\\\/logo\\\/image\\\/\",\"url\":\"https:\\\/\\\/www.medespoir.fr\\\/wp-content\\\/uploads\\\/2021\\\/10\\\/cropped-logo__medespoirFR.png\",\"contentUrl\":\"https:\\\/\\\/www.medespoir.fr\\\/wp-content\\\/uploads\\\/2021\\\/10\\\/cropped-logo__medespoirFR.png\",\"width\":150,\"height\":62,\"caption\":\"Medespoir France\"},\"image\":{\"@id\":\"https:\\\/\\\/www.medespoir.fr\\\/it\\\/#\\\/schema\\\/logo\\\/image\\\/\"},\"sameAs\":[\"https:\\\/\\\/www.facebook.com\\\/MedEspoirFr\",\"https:\\\/\\\/x.com\\\/MedEspoirTN\"]},{\"@type\":\"Person\",\"@id\":\"https:\\\/\\\/www.medespoir.fr\\\/it\\\/#\\\/schema\\\/person\\\/a010b19448aff47530580ca94c997b50\",\"name\":\"Varden David\",\"image\":{\"@type\":\"ImageObject\",\"inLanguage\":\"it-IT\",\"@id\":\"https:\\\/\\\/secure.gravatar.com\\\/avatar\\\/5989a2164a20cb175ce6a787a079fe56263e1d3e01fa0441939c87d4fb3c8521?s=96&d=mm&r=g\",\"url\":\"https:\\\/\\\/secure.gravatar.com\\\/avatar\\\/5989a2164a20cb175ce6a787a079fe56263e1d3e01fa0441939c87d4fb3c8521?s=96&d=mm&r=g\",\"contentUrl\":\"https:\\\/\\\/secure.gravatar.com\\\/avatar\\\/5989a2164a20cb175ce6a787a079fe56263e1d3e01fa0441939c87d4fb3c8521?s=96&d=mm&r=g\",\"caption\":\"Varden David\"}}]}<\/script>\n<!-- \/ Yoast SEO plugin. -->","yoast_head_json":{"title":"Quando sollevare le braccia dopo l'aumento del seno?","description":"sollevare le braccia dopo una mastoplastica additiva. Quando sollevare le braccia dopo un aumento del seno","robots":{"index":"index","follow":"follow","max-snippet":"max-snippet:-1","max-image-preview":"max-image-preview:large","max-video-preview":"max-video-preview:-1"},"canonical":"https:\/\/www.medespoir.fr\/it\/blog\/quando-alzare-le-braccia-dopo-una-mastoplastica-additiva\/","twitter_misc":{"Scritto da":"Varden David","Tempo di lettura stimato":"3 minuti"},"schema":{"@context":"https:\/\/schema.org","@graph":[{"@type":["Article","BlogPosting"],"@id":"https:\/\/www.medespoir.fr\/it\/blog\/quando-alzare-le-braccia-dopo-una-mastoplastica-additiva\/#article","isPartOf":{"@id":"https:\/\/www.medespoir.fr\/it\/blog\/quando-alzare-le-braccia-dopo-una-mastoplastica-additiva\/"},"author":{"name":"Varden David","@id":"https:\/\/www.medespoir.fr\/it\/#\/schema\/person\/a010b19448aff47530580ca94c997b50"},"headline":"Quando alzare le braccia dopo una mastoplastica additiva?","datePublished":"2022-04-11T07:33:36+00:00","dateModified":"2023-02-07T13:29:11+00:00","mainEntityOfPage":{"@id":"https:\/\/www.medespoir.fr\/it\/blog\/quando-alzare-le-braccia-dopo-una-mastoplastica-additiva\/"},"wordCount":449,"publisher":{"@id":"https:\/\/www.medespoir.fr\/it\/#organization"},"image":{"@id":"https:\/\/www.medespoir.fr\/it\/blog\/quando-alzare-le-braccia-dopo-una-mastoplastica-additiva\/#primaryimage"},"thumbnailUrl":"https:\/\/www.medespoir.fr\/wp-content\/uploads\/2022\/04\/Quand-lever-les-bras-apres-augmentation-mammaire.webp","articleSection":["Non categorizzato"],"inLanguage":"it-IT"},{"@type":"WebPage","@id":"https:\/\/www.medespoir.fr\/it\/blog\/quando-alzare-le-braccia-dopo-una-mastoplastica-additiva\/","url":"https:\/\/www.medespoir.fr\/it\/blog\/quando-alzare-le-braccia-dopo-una-mastoplastica-additiva\/","name":"Quando sollevare le braccia dopo l'aumento del seno?","isPartOf":{"@id":"https:\/\/www.medespoir.fr\/it\/#website"},"primaryImageOfPage":{"@id":"https:\/\/www.medespoir.fr\/it\/blog\/quando-alzare-le-braccia-dopo-una-mastoplastica-additiva\/#primaryimage"},"image":{"@id":"https:\/\/www.medespoir.fr\/it\/blog\/quando-alzare-le-braccia-dopo-una-mastoplastica-additiva\/#primaryimage"},"thumbnailUrl":"https:\/\/www.medespoir.fr\/wp-content\/uploads\/2022\/04\/Quand-lever-les-bras-apres-augmentation-mammaire.webp","datePublished":"2022-04-11T07:33:36+00:00","dateModified":"2023-02-07T13:29:11+00:00","description":"sollevare le braccia dopo una mastoplastica additiva. Quando sollevare le braccia dopo un aumento del seno","breadcrumb":{"@id":"https:\/\/www.medespoir.fr\/it\/blog\/quando-alzare-le-braccia-dopo-una-mastoplastica-additiva\/#breadcrumb"},"inLanguage":"it-IT","potentialAction":[{"@type":"ReadAction","target":["https:\/\/www.medespoir.fr\/it\/blog\/quando-alzare-le-braccia-dopo-una-mastoplastica-additiva\/"]}]},{"@type":"ImageObject","inLanguage":"it-IT","@id":"https:\/\/www.medespoir.fr\/it\/blog\/quando-alzare-le-braccia-dopo-una-mastoplastica-additiva\/#primaryimage","url":"https:\/\/www.medespoir.fr\/wp-content\/uploads\/2022\/04\/Quand-lever-les-bras-apres-augmentation-mammaire.webp","contentUrl":"https:\/\/www.medespoir.fr\/wp-content\/uploads\/2022\/04\/Quand-lever-les-bras-apres-augmentation-mammaire.webp","width":980,"height":638},{"@type":"BreadcrumbList","@id":"https:\/\/www.medespoir.fr\/it\/blog\/quando-alzare-le-braccia-dopo-una-mastoplastica-additiva\/#breadcrumb","itemListElement":[{"@type":"ListItem","position":1,"name":"Accueil","item":"https:\/\/www.medespoir.fr\/it\/"},{"@type":"ListItem","position":2,"name":"Quando alzare le braccia dopo una mastoplastica additiva?"}]},{"@type":"WebSite","@id":"https:\/\/www.medespoir.fr\/it\/#website","url":"https:\/\/www.medespoir.fr\/it\/","name":"Medespoir France","description":"Chirurgie esthetique Tunisie","publisher":{"@id":"https:\/\/www.medespoir.fr\/it\/#organization"},"potentialAction":[{"@type":"SearchAction","target":{"@type":"EntryPoint","urlTemplate":"https:\/\/www.medespoir.fr\/it\/?s={search_term_string}"},"query-input":{"@type":"PropertyValueSpecification","valueRequired":true,"valueName":"search_term_string"}}],"inLanguage":"it-IT"},{"@type":"Organization","@id":"https:\/\/www.medespoir.fr\/it\/#organization","name":"Medespoir France","url":"https:\/\/www.medespoir.fr\/it\/","logo":{"@type":"ImageObject","inLanguage":"it-IT","@id":"https:\/\/www.medespoir.fr\/it\/#\/schema\/logo\/image\/","url":"https:\/\/www.medespoir.fr\/wp-content\/uploads\/2021\/10\/cropped-logo__medespoirFR.png","contentUrl":"https:\/\/www.medespoir.fr\/wp-content\/uploads\/2021\/10\/cropped-logo__medespoirFR.png","width":150,"height":62,"caption":"Medespoir France"},"image":{"@id":"https:\/\/www.medespoir.fr\/it\/#\/schema\/logo\/image\/"},"sameAs":["https:\/\/www.facebook.com\/MedEspoirFr","https:\/\/x.com\/MedEspoirTN"]},{"@type":"Person","@id":"https:\/\/www.medespoir.fr\/it\/#\/schema\/person\/a010b19448aff47530580ca94c997b50","name":"Varden David","image":{"@type":"ImageObject","inLanguage":"it-IT","@id":"https:\/\/secure.gravatar.com\/avatar\/5989a2164a20cb175ce6a787a079fe56263e1d3e01fa0441939c87d4fb3c8521?s=96&d=mm&r=g","url":"https:\/\/secure.gravatar.com\/avatar\/5989a2164a20cb175ce6a787a079fe56263e1d3e01fa0441939c87d4fb3c8521?s=96&d=mm&r=g","contentUrl":"https:\/\/secure.gravatar.com\/avatar\/5989a2164a20cb175ce6a787a079fe56263e1d3e01fa0441939c87d4fb3c8521?s=96&d=mm&r=g","caption":"Varden David"}}]}},"_links":{"self":[{"href":"https:\/\/www.medespoir.fr\/it\/wp-json\/wp\/v2\/posts\/26345","targetHints":{"allow":["GET"]}}],"collection":[{"href":"https:\/\/www.medespoir.fr\/it\/wp-json\/wp\/v2\/posts"}],"about":[{"href":"https:\/\/www.medespoir.fr\/it\/wp-json\/wp\/v2\/types\/post"}],"author":[{"embeddable":true,"href":"https:\/\/www.medespoir.fr\/it\/wp-json\/wp\/v2\/users\/1"}],"replies":[{"embeddable":true,"href":"https:\/\/www.medespoir.fr\/it\/wp-json\/wp\/v2\/comments?post=26345"}],"version-history":[{"count":0,"href":"https:\/\/www.medespoir.fr\/it\/wp-json\/wp\/v2\/posts\/26345\/revisions"}],"wp:featuredmedia":[{"embeddable":true,"href":"https:\/\/www.medespoir.fr\/it\/wp-json\/wp\/v2\/media\/17727"}],"wp:attachment":[{"href":"https:\/\/www.medespoir.fr\/it\/wp-json\/wp\/v2\/media?parent=26345"}],"wp:term":[{"taxonomy":"category","embeddable":true,"href":"https:\/\/www.medespoir.fr\/it\/wp-json\/wp\/v2\/categories?post=26345"},{"taxonomy":"post_tag","embeddable":true,"href":"https:\/\/www.medespoir.fr\/it\/wp-json\/wp\/v2\/tags?post=26345"}],"curies":[{"name":"wp","href":"https:\/\/api.w.org\/{rel}","templated":true}]}}