{"id":26559,"date":"2021-08-03T12:53:35","date_gmt":"2021-08-03T10:53:35","guid":{"rendered":"https:\/\/www.medespoir.fr\/blog\/beverly-bello-se-va-a-hacer-una-cirugia-plastica-importante\/"},"modified":"2023-02-08T14:09:44","modified_gmt":"2023-02-08T13:09:44","slug":"beverly-bello-cirugia-plastica","status":"publish","type":"post","link":"https:\/\/www.medespoir.fr\/es\/blog\/beverly-bello-cirugia-plastica\/","title":{"rendered":"Beverly Bello: \u00a1Se va a hacer una cirug\u00eda pl\u00e1stica importante!"},"content":{"rendered":"<p>\u00a1Eso es! \u00a1Eso es! \u00a1Eso es! Las cosas cada vez est\u00e1n m\u00e1s claras para la bella <strong>Beverly Bello<\/strong>.<!--more--> Ella no es una excepci\u00f3n a la tendencia que est\u00e1 arrasando entre todas las <strong>estrellas de telerrealidad<\/strong>. En efecto, la moda de la cirug\u00eda <strong>pl\u00e1stica<\/strong> ha pasado por el cuerpo de la famosa estrella de telerrealidad. Y no va a acabar con esta corriente porque se va a hacer otra cirug\u00eda pl\u00e1stica, pero lo especial esta vez es que lo ha anunciado y no s\u00f3lo eso, ha dicho, de nuevo, que ser\u00e1 una cirug\u00eda pl\u00e1stica muy importante.<\/p>\n<h2>Pero, \u00bfqui\u00e9n es Beverly Bello?<\/h2>\n<p>Beverly Bello o su nombre real<strong> Anne-Sophie Bello<\/strong> tiene unos 30 a\u00f1os, ya que naci\u00f3 el 22 de febrero de 1992, en una ciudad de Francia. Es Al\u00e8s.<\/p>\n<p>Y esta hermosa mujer era <a href=\"https:\/\/www.medespoir.fr\/blog\/avis-sur-medespoir-des-marseillais-a-dubai\/\">concursante de un reality show<\/a>. Fue descubierta por el p\u00fablico cuando particip\u00f3 en Carr\u00e9 Viiip. Luego particip\u00f3 tambi\u00e9n en \u00abIle des v\u00e9rit\u00e9s 3 et 4\u00bb. Pero no s\u00f3lo eso, porque tambi\u00e9n ha participado en otros espect\u00e1culos como \u00abLes princes de l&#8217;amour 3\u00bb.<\/p>\n<h2>\u00bfQu\u00e9 se sabe de Beverly Bello?<\/h2>\n<p>Beverly Bello lleva alg\u00fan tiempo fuera de los medios de comunicaci\u00f3n. Pero no exageremos, porque esta supuesta desaparici\u00f3n es en realidad una simple marginaci\u00f3n con su compa\u00f1era. En efecto, Beverly Bello mantiene una relaci\u00f3n con Noah desde el final del rodaje de \u00abLPDLA6\u00bb. Entre los dos se dan la gran vida en el sur de Francia.<\/p>\n<p>La gota que colm\u00f3 el vaso, a pesar de su tranquilidad, fue el rumor de que se hab\u00eda quedado embarazada. Beverly Bello no se ha contenido desde ese momento y ha comenzado su largo discurso en las redes sociales.<\/p>\n<h2>\u00bfEmbarazada o ganando peso?<\/h2>\n<p>Beverly Bello ha salido a desmentir su embarazo. S\u00ed, en efecto, no dej\u00f3 de se\u00f1alar que para ella a\u00fan es pronto. Junto con su compa\u00f1era, a\u00fan no han pensado en un proyecto as\u00ed.<\/p>\n<p>Por otro lado, dice, con toda franqueza, que la desgraciada ha engordado. Este es sin duda el efecto de la felicidad con su novio y la falta de actividad.<\/p>\n<p style=\"text-align: center;\"><img fetchpriority=\"high\" decoding=\"async\" class=\"alignnone size-medium\" src=\"https:\/\/www.medespoir.fr\/wp-content\/uploads\/2021\/08\/Beverly-Bello-operation-esthetique-300x169.jpg\" alt=\"Beverly-Bello-operaci\u00f3n-est\u00e9tica\" width=\"300\" height=\"169\"><\/p>\n<h2>Una operaci\u00f3n de cirug\u00eda pl\u00e1stica a la vista<\/h2>\n<p>Debido al aumento de peso, Beverly decidi\u00f3 someterse a <a href=\"https:\/\/www.medespoir.fr\/chirurgie-obesite-tunisie\/\">una operaci\u00f3n para adelgazar<\/a>. La pr\u00f3xima cirug\u00eda est\u00e9tica ser\u00e1, seg\u00fan ella, la m\u00e1s importante. Tiene previsto someterse <a href=\"https:\/\/www.medespoir.fr\/liposuccion-turquie\/\">a una liposucci\u00f3n<\/a> en algunas zonas del cuerpo para reinyectar la grasa en los gl\u00fateos.<\/p>\n<blockquote><p><em>Esperemos a ver.<\/em><\/p><\/blockquote>\n<p>&nbsp;<\/p>\n","protected":false},"excerpt":{"rendered":"<p>\u00a1Eso es! \u00a1Eso es! \u00a1Eso es! Las cosas cada vez est\u00e1n m\u00e1s claras para la bella Beverly Bello.<\/p>\n","protected":false},"author":1,"featured_media":23155,"comment_status":"closed","ping_status":"closed","sticky":false,"template":"","format":"standard","meta":{"footnotes":""},"categories":[122],"tags":[],"class_list":["post-26559","post","type-post","status-publish","format-standard","has-post-thumbnail","hentry","category-estrellas-de-la-cirugia-plastica"],"yoast_head":"<!-- This site is optimized with the Yoast SEO plugin v27.5 - https:\/\/yoast.com\/product\/yoast-seo-wordpress\/ -->\n<title>Beverly Bello: \u00a1Se va a hacer una cirug\u00eda pl\u00e1stica importante!<\/title>\n<meta name=\"description\" content=\"Beverly ha decidido someterse a una cirug\u00eda de p\u00e9rdida de peso. La pr\u00f3xima cirug\u00eda est\u00e9tica ser\u00e1 la m\u00e1s importante.\" \/>\n<meta name=\"robots\" content=\"index, follow, max-snippet:-1, max-image-preview:large, max-video-preview:-1\" \/>\n<link rel=\"canonical\" href=\"https:\/\/www.medespoir.fr\/es\/blog\/beverly-bello-cirugia-plastica\/\" \/>\n<meta name=\"twitter:label1\" content=\"Escrito por\" \/>\n\t<meta name=\"twitter:data1\" content=\"Varden David\" \/>\n\t<meta name=\"twitter:label2\" content=\"Tiempo de lectura\" \/>\n\t<meta name=\"twitter:data2\" content=\"3 minutos\" \/>\n<script type=\"application\/ld+json\" class=\"yoast-schema-graph\">{\"@context\":\"https:\\\/\\\/schema.org\",\"@graph\":[{\"@type\":[\"Article\",\"BlogPosting\"],\"@id\":\"https:\\\/\\\/www.medespoir.fr\\\/es\\\/blog\\\/beverly-bello-cirugia-plastica\\\/#article\",\"isPartOf\":{\"@id\":\"https:\\\/\\\/www.medespoir.fr\\\/es\\\/blog\\\/beverly-bello-cirugia-plastica\\\/\"},\"author\":{\"name\":\"Varden David\",\"@id\":\"https:\\\/\\\/www.medespoir.fr\\\/es\\\/#\\\/schema\\\/person\\\/a010b19448aff47530580ca94c997b50\"},\"headline\":\"Beverly Bello: \u00a1Se va a hacer una cirug\u00eda pl\u00e1stica importante!\",\"datePublished\":\"2021-08-03T10:53:35+00:00\",\"dateModified\":\"2023-02-08T13:09:44+00:00\",\"mainEntityOfPage\":{\"@id\":\"https:\\\/\\\/www.medespoir.fr\\\/es\\\/blog\\\/beverly-bello-cirugia-plastica\\\/\"},\"wordCount\":444,\"publisher\":{\"@id\":\"https:\\\/\\\/www.medespoir.fr\\\/es\\\/#organization\"},\"image\":{\"@id\":\"https:\\\/\\\/www.medespoir.fr\\\/es\\\/blog\\\/beverly-bello-cirugia-plastica\\\/#primaryimage\"},\"thumbnailUrl\":\"https:\\\/\\\/www.medespoir.fr\\\/wp-content\\\/uploads\\\/2021\\\/08\\\/Beverly-Bello-chirurgie-esthetique.jpg\",\"articleSection\":[\"estrellas de la cirug\u00eda pl\u00e1stica\"],\"inLanguage\":\"es\"},{\"@type\":\"WebPage\",\"@id\":\"https:\\\/\\\/www.medespoir.fr\\\/es\\\/blog\\\/beverly-bello-cirugia-plastica\\\/\",\"url\":\"https:\\\/\\\/www.medespoir.fr\\\/es\\\/blog\\\/beverly-bello-cirugia-plastica\\\/\",\"name\":\"Beverly Bello: \u00a1Se va a hacer una cirug\u00eda pl\u00e1stica importante!\",\"isPartOf\":{\"@id\":\"https:\\\/\\\/www.medespoir.fr\\\/es\\\/#website\"},\"primaryImageOfPage\":{\"@id\":\"https:\\\/\\\/www.medespoir.fr\\\/es\\\/blog\\\/beverly-bello-cirugia-plastica\\\/#primaryimage\"},\"image\":{\"@id\":\"https:\\\/\\\/www.medespoir.fr\\\/es\\\/blog\\\/beverly-bello-cirugia-plastica\\\/#primaryimage\"},\"thumbnailUrl\":\"https:\\\/\\\/www.medespoir.fr\\\/wp-content\\\/uploads\\\/2021\\\/08\\\/Beverly-Bello-chirurgie-esthetique.jpg\",\"datePublished\":\"2021-08-03T10:53:35+00:00\",\"dateModified\":\"2023-02-08T13:09:44+00:00\",\"description\":\"Beverly ha decidido someterse a una cirug\u00eda de p\u00e9rdida de peso. La pr\u00f3xima cirug\u00eda est\u00e9tica ser\u00e1 la m\u00e1s importante.\",\"breadcrumb\":{\"@id\":\"https:\\\/\\\/www.medespoir.fr\\\/es\\\/blog\\\/beverly-bello-cirugia-plastica\\\/#breadcrumb\"},\"inLanguage\":\"es\",\"potentialAction\":[{\"@type\":\"ReadAction\",\"target\":[\"https:\\\/\\\/www.medespoir.fr\\\/es\\\/blog\\\/beverly-bello-cirugia-plastica\\\/\"]}]},{\"@type\":\"ImageObject\",\"inLanguage\":\"es\",\"@id\":\"https:\\\/\\\/www.medespoir.fr\\\/es\\\/blog\\\/beverly-bello-cirugia-plastica\\\/#primaryimage\",\"url\":\"https:\\\/\\\/www.medespoir.fr\\\/wp-content\\\/uploads\\\/2021\\\/08\\\/Beverly-Bello-chirurgie-esthetique.jpg\",\"contentUrl\":\"https:\\\/\\\/www.medespoir.fr\\\/wp-content\\\/uploads\\\/2021\\\/08\\\/Beverly-Bello-chirurgie-esthetique.jpg\",\"width\":1200,\"height\":675},{\"@type\":\"BreadcrumbList\",\"@id\":\"https:\\\/\\\/www.medespoir.fr\\\/es\\\/blog\\\/beverly-bello-cirugia-plastica\\\/#breadcrumb\",\"itemListElement\":[{\"@type\":\"ListItem\",\"position\":1,\"name\":\"Accueil\",\"item\":\"https:\\\/\\\/www.medespoir.fr\\\/es\\\/\"},{\"@type\":\"ListItem\",\"position\":2,\"name\":\"Beverly Bello: \u00a1Se va a hacer una cirug\u00eda pl\u00e1stica importante!\"}]},{\"@type\":\"WebSite\",\"@id\":\"https:\\\/\\\/www.medespoir.fr\\\/es\\\/#website\",\"url\":\"https:\\\/\\\/www.medespoir.fr\\\/es\\\/\",\"name\":\"Medespoir France\",\"description\":\"Chirurgie esthetique Tunisie\",\"publisher\":{\"@id\":\"https:\\\/\\\/www.medespoir.fr\\\/es\\\/#organization\"},\"potentialAction\":[{\"@type\":\"SearchAction\",\"target\":{\"@type\":\"EntryPoint\",\"urlTemplate\":\"https:\\\/\\\/www.medespoir.fr\\\/es\\\/?s={search_term_string}\"},\"query-input\":{\"@type\":\"PropertyValueSpecification\",\"valueRequired\":true,\"valueName\":\"search_term_string\"}}],\"inLanguage\":\"es\"},{\"@type\":\"Organization\",\"@id\":\"https:\\\/\\\/www.medespoir.fr\\\/es\\\/#organization\",\"name\":\"Medespoir France\",\"url\":\"https:\\\/\\\/www.medespoir.fr\\\/es\\\/\",\"logo\":{\"@type\":\"ImageObject\",\"inLanguage\":\"es\",\"@id\":\"https:\\\/\\\/www.medespoir.fr\\\/es\\\/#\\\/schema\\\/logo\\\/image\\\/\",\"url\":\"https:\\\/\\\/www.medespoir.fr\\\/wp-content\\\/uploads\\\/2021\\\/10\\\/cropped-logo__medespoirFR.png\",\"contentUrl\":\"https:\\\/\\\/www.medespoir.fr\\\/wp-content\\\/uploads\\\/2021\\\/10\\\/cropped-logo__medespoirFR.png\",\"width\":150,\"height\":62,\"caption\":\"Medespoir France\"},\"image\":{\"@id\":\"https:\\\/\\\/www.medespoir.fr\\\/es\\\/#\\\/schema\\\/logo\\\/image\\\/\"},\"sameAs\":[\"https:\\\/\\\/www.facebook.com\\\/MedEspoirFr\",\"https:\\\/\\\/x.com\\\/MedEspoirTN\"]},{\"@type\":\"Person\",\"@id\":\"https:\\\/\\\/www.medespoir.fr\\\/es\\\/#\\\/schema\\\/person\\\/a010b19448aff47530580ca94c997b50\",\"name\":\"Varden David\",\"image\":{\"@type\":\"ImageObject\",\"inLanguage\":\"es\",\"@id\":\"https:\\\/\\\/secure.gravatar.com\\\/avatar\\\/5989a2164a20cb175ce6a787a079fe56263e1d3e01fa0441939c87d4fb3c8521?s=96&d=mm&r=g\",\"url\":\"https:\\\/\\\/secure.gravatar.com\\\/avatar\\\/5989a2164a20cb175ce6a787a079fe56263e1d3e01fa0441939c87d4fb3c8521?s=96&d=mm&r=g\",\"contentUrl\":\"https:\\\/\\\/secure.gravatar.com\\\/avatar\\\/5989a2164a20cb175ce6a787a079fe56263e1d3e01fa0441939c87d4fb3c8521?s=96&d=mm&r=g\",\"caption\":\"Varden David\"}}]}<\/script>\n<!-- \/ Yoast SEO plugin. -->","yoast_head_json":{"title":"Beverly Bello: \u00a1Se va a hacer una cirug\u00eda pl\u00e1stica importante!","description":"Beverly ha decidido someterse a una cirug\u00eda de p\u00e9rdida de peso. La pr\u00f3xima cirug\u00eda est\u00e9tica ser\u00e1 la m\u00e1s importante.","robots":{"index":"index","follow":"follow","max-snippet":"max-snippet:-1","max-image-preview":"max-image-preview:large","max-video-preview":"max-video-preview:-1"},"canonical":"https:\/\/www.medespoir.fr\/es\/blog\/beverly-bello-cirugia-plastica\/","twitter_misc":{"Escrito por":"Varden David","Tiempo de lectura":"3 minutos"},"schema":{"@context":"https:\/\/schema.org","@graph":[{"@type":["Article","BlogPosting"],"@id":"https:\/\/www.medespoir.fr\/es\/blog\/beverly-bello-cirugia-plastica\/#article","isPartOf":{"@id":"https:\/\/www.medespoir.fr\/es\/blog\/beverly-bello-cirugia-plastica\/"},"author":{"name":"Varden David","@id":"https:\/\/www.medespoir.fr\/es\/#\/schema\/person\/a010b19448aff47530580ca94c997b50"},"headline":"Beverly Bello: \u00a1Se va a hacer una cirug\u00eda pl\u00e1stica importante!","datePublished":"2021-08-03T10:53:35+00:00","dateModified":"2023-02-08T13:09:44+00:00","mainEntityOfPage":{"@id":"https:\/\/www.medespoir.fr\/es\/blog\/beverly-bello-cirugia-plastica\/"},"wordCount":444,"publisher":{"@id":"https:\/\/www.medespoir.fr\/es\/#organization"},"image":{"@id":"https:\/\/www.medespoir.fr\/es\/blog\/beverly-bello-cirugia-plastica\/#primaryimage"},"thumbnailUrl":"https:\/\/www.medespoir.fr\/wp-content\/uploads\/2021\/08\/Beverly-Bello-chirurgie-esthetique.jpg","articleSection":["estrellas de la cirug\u00eda pl\u00e1stica"],"inLanguage":"es"},{"@type":"WebPage","@id":"https:\/\/www.medespoir.fr\/es\/blog\/beverly-bello-cirugia-plastica\/","url":"https:\/\/www.medespoir.fr\/es\/blog\/beverly-bello-cirugia-plastica\/","name":"Beverly Bello: \u00a1Se va a hacer una cirug\u00eda pl\u00e1stica importante!","isPartOf":{"@id":"https:\/\/www.medespoir.fr\/es\/#website"},"primaryImageOfPage":{"@id":"https:\/\/www.medespoir.fr\/es\/blog\/beverly-bello-cirugia-plastica\/#primaryimage"},"image":{"@id":"https:\/\/www.medespoir.fr\/es\/blog\/beverly-bello-cirugia-plastica\/#primaryimage"},"thumbnailUrl":"https:\/\/www.medespoir.fr\/wp-content\/uploads\/2021\/08\/Beverly-Bello-chirurgie-esthetique.jpg","datePublished":"2021-08-03T10:53:35+00:00","dateModified":"2023-02-08T13:09:44+00:00","description":"Beverly ha decidido someterse a una cirug\u00eda de p\u00e9rdida de peso. La pr\u00f3xima cirug\u00eda est\u00e9tica ser\u00e1 la m\u00e1s importante.","breadcrumb":{"@id":"https:\/\/www.medespoir.fr\/es\/blog\/beverly-bello-cirugia-plastica\/#breadcrumb"},"inLanguage":"es","potentialAction":[{"@type":"ReadAction","target":["https:\/\/www.medespoir.fr\/es\/blog\/beverly-bello-cirugia-plastica\/"]}]},{"@type":"ImageObject","inLanguage":"es","@id":"https:\/\/www.medespoir.fr\/es\/blog\/beverly-bello-cirugia-plastica\/#primaryimage","url":"https:\/\/www.medespoir.fr\/wp-content\/uploads\/2021\/08\/Beverly-Bello-chirurgie-esthetique.jpg","contentUrl":"https:\/\/www.medespoir.fr\/wp-content\/uploads\/2021\/08\/Beverly-Bello-chirurgie-esthetique.jpg","width":1200,"height":675},{"@type":"BreadcrumbList","@id":"https:\/\/www.medespoir.fr\/es\/blog\/beverly-bello-cirugia-plastica\/#breadcrumb","itemListElement":[{"@type":"ListItem","position":1,"name":"Accueil","item":"https:\/\/www.medespoir.fr\/es\/"},{"@type":"ListItem","position":2,"name":"Beverly Bello: \u00a1Se va a hacer una cirug\u00eda pl\u00e1stica importante!"}]},{"@type":"WebSite","@id":"https:\/\/www.medespoir.fr\/es\/#website","url":"https:\/\/www.medespoir.fr\/es\/","name":"Medespoir France","description":"Chirurgie esthetique Tunisie","publisher":{"@id":"https:\/\/www.medespoir.fr\/es\/#organization"},"potentialAction":[{"@type":"SearchAction","target":{"@type":"EntryPoint","urlTemplate":"https:\/\/www.medespoir.fr\/es\/?s={search_term_string}"},"query-input":{"@type":"PropertyValueSpecification","valueRequired":true,"valueName":"search_term_string"}}],"inLanguage":"es"},{"@type":"Organization","@id":"https:\/\/www.medespoir.fr\/es\/#organization","name":"Medespoir France","url":"https:\/\/www.medespoir.fr\/es\/","logo":{"@type":"ImageObject","inLanguage":"es","@id":"https:\/\/www.medespoir.fr\/es\/#\/schema\/logo\/image\/","url":"https:\/\/www.medespoir.fr\/wp-content\/uploads\/2021\/10\/cropped-logo__medespoirFR.png","contentUrl":"https:\/\/www.medespoir.fr\/wp-content\/uploads\/2021\/10\/cropped-logo__medespoirFR.png","width":150,"height":62,"caption":"Medespoir France"},"image":{"@id":"https:\/\/www.medespoir.fr\/es\/#\/schema\/logo\/image\/"},"sameAs":["https:\/\/www.facebook.com\/MedEspoirFr","https:\/\/x.com\/MedEspoirTN"]},{"@type":"Person","@id":"https:\/\/www.medespoir.fr\/es\/#\/schema\/person\/a010b19448aff47530580ca94c997b50","name":"Varden David","image":{"@type":"ImageObject","inLanguage":"es","@id":"https:\/\/secure.gravatar.com\/avatar\/5989a2164a20cb175ce6a787a079fe56263e1d3e01fa0441939c87d4fb3c8521?s=96&d=mm&r=g","url":"https:\/\/secure.gravatar.com\/avatar\/5989a2164a20cb175ce6a787a079fe56263e1d3e01fa0441939c87d4fb3c8521?s=96&d=mm&r=g","contentUrl":"https:\/\/secure.gravatar.com\/avatar\/5989a2164a20cb175ce6a787a079fe56263e1d3e01fa0441939c87d4fb3c8521?s=96&d=mm&r=g","caption":"Varden David"}}]}},"_links":{"self":[{"href":"https:\/\/www.medespoir.fr\/es\/wp-json\/wp\/v2\/posts\/26559","targetHints":{"allow":["GET"]}}],"collection":[{"href":"https:\/\/www.medespoir.fr\/es\/wp-json\/wp\/v2\/posts"}],"about":[{"href":"https:\/\/www.medespoir.fr\/es\/wp-json\/wp\/v2\/types\/post"}],"author":[{"embeddable":true,"href":"https:\/\/www.medespoir.fr\/es\/wp-json\/wp\/v2\/users\/1"}],"replies":[{"embeddable":true,"href":"https:\/\/www.medespoir.fr\/es\/wp-json\/wp\/v2\/comments?post=26559"}],"version-history":[{"count":0,"href":"https:\/\/www.medespoir.fr\/es\/wp-json\/wp\/v2\/posts\/26559\/revisions"}],"wp:featuredmedia":[{"embeddable":true,"href":"https:\/\/www.medespoir.fr\/es\/wp-json\/wp\/v2\/media\/23155"}],"wp:attachment":[{"href":"https:\/\/www.medespoir.fr\/es\/wp-json\/wp\/v2\/media?parent=26559"}],"wp:term":[{"taxonomy":"category","embeddable":true,"href":"https:\/\/www.medespoir.fr\/es\/wp-json\/wp\/v2\/categories?post=26559"},{"taxonomy":"post_tag","embeddable":true,"href":"https:\/\/www.medespoir.fr\/es\/wp-json\/wp\/v2\/tags?post=26559"}],"curies":[{"name":"wp","href":"https:\/\/api.w.org\/{rel}","templated":true}]}}