{"id":24692,"date":"2022-04-11T09:33:36","date_gmt":"2022-04-11T07:33:36","guid":{"rendered":"https:\/\/www.medespoir.fr\/blog\/cuando-levantar-los-brazos-despues-de-un-aumento-de-pecho\/"},"modified":"2022-12-19T13:58:18","modified_gmt":"2022-12-19T12:58:18","slug":"cuando-levantar-los-brazos-despues-de-un-aumento-de-pecho","status":"publish","type":"post","link":"https:\/\/www.medespoir.fr\/es\/blog\/cuando-levantar-los-brazos-despues-de-un-aumento-de-pecho\/","title":{"rendered":"\u00bfCu\u00e1ndo levantar los brazos despu\u00e9s de un aumento de pecho?"},"content":{"rendered":"<p>Antes de responder a la pregunta de cu\u00e1ndo levantar los brazos tras un aumento mamario, es importante saber en qu\u00e9 consiste una intervenci\u00f3n de aumento mamario.<\/p>\n<p>El <strong>aumento mamario<\/strong> es una intervenci\u00f3n de cirug\u00eda est\u00e9tica que consiste en <a href=\"https:\/\/www.medespoir.fr\/es\/aumento-de-mamas\/\">aumentar el volumen de los senos<\/a> o <a href=\"https:\/\/www.medespoir.fr\/es\/cirugia-mamas\/\">remodelar las mamas de<\/a> la paciente. Es una de las intervenciones de cirug\u00eda est\u00e9tica m\u00e1s frecuentes.<\/p>\n<p>El aumento mamario puede realizarse mediante varias t\u00e9cnicas:<\/p>\n<ul class=\"liste-style\">\n<li><strong>Aumento mamario con implantes<\/strong>: t\u00e9cnica que consiste en implantar pr\u00f3tesis en el pecho de la paciente para aumentar su tama\u00f1o.<\/li>\n<li><strong>Lipofilling mamario<\/strong>: Inyecci\u00f3n de grasa del cuerpo de la paciente.<\/li>\n<li><strong>Aumento mamario compuesto que<\/strong>consiste en mezclar las dos t\u00e9cnicas mencionadas anteriormente.<\/li>\n<\/ul>\n<h2>\u00bfQu\u00e9 ocurre despu\u00e9s de un aumento de pecho?<\/h2>\n<p>Muy a menudo, tras una operaci\u00f3n de cirug\u00eda pl\u00e1stica, cada persona se recupera a su propio ritmo. Normalmente, la recuperaci\u00f3n del aumento mamario es r\u00e1pida. Este tiempo puede variar de una persona a otra y seg\u00fan el tipo de implantes utilizados. El tiempo medio hasta la recuperaci\u00f3n completa es de unas seis semanas.<\/p>\n<p>En cuanto a los senos, se volver\u00e1n progresivamente m\u00e1s blandos aunque el tama\u00f1o del volumen permanezca inalterado. El resultado final suele ser visible al cabo de 3 meses.<\/p>\n<h2>\u00bfCu\u00e1ndo hay que levantar los brazos?<\/h2>\n<p>Una de las preguntas que surgen a menudo es cu\u00e1ndo levantar los <strong>brazos despu\u00e9s de un aumento mamario<\/strong>, independientemente de la t\u00e9cnica utilizada.<\/p>\n<p>Durante las 6 semanas siguientes a una operaci\u00f3n de aumento de pecho, es importante no realizar ning\u00fan esfuerzo f\u00edsico, sobre todo en las extremidades superiores. Hay que tener cuidado al levantar los brazos, ya que la zona que rodea las manos y los codos puede moverse con facilidad en cuanto termine el procedimiento. Se aconseja a la paciente que evite levantar los brazos durante la primera semana tras la intervenci\u00f3n. Los brazos deben mantenerse pegados al cuerpo. Durante la segunda semana despu\u00e9s de la operaci\u00f3n, la paciente puede levantar los brazos hasta 90\u00b0. Durante este periodo despu\u00e9s de la operaci\u00f3n, la paciente tendr\u00e1 que dormir boca arriba de lado despu\u00e9s del primer mes.<\/p>\n<h2>\u00bfCu\u00e1ndo debes mover los brazos con normalidad?<\/h2>\n<p>Al cabo de un mes de la intervenci\u00f3n de aumento mamario, la paciente puede mover normalmente los brazos sin ning\u00fan riesgo. Por lo tanto, podr\u00e1 levantar los brazos siguiendo las recomendaciones del cirujano tras la operaci\u00f3n. Por lo tanto, es importante que la paciente tome precauciones al mover los brazos para evitar la aparici\u00f3n de dolor y tambi\u00e9n el riesgo de rotaci\u00f3n.<\/p>\n<p>Para evitar una posici\u00f3n completamente horizontal, el paciente puede dormir en una posici\u00f3n semisentada. Para favorecer el tiempo de recuperaci\u00f3n, la paciente tambi\u00e9n debe invertir en el sujetador adecuado dise\u00f1ado espec\u00edficamente para el cuidado de los senos <a href=\"https:\/\/www.medespoir.fr\/es\/blog\/cuando-se-puede-dormir-boca-abajo-despues-de-una-operacion-de-aumento-de-pecho\/\">tras la cirug\u00eda de aumento mamario<\/a>.<\/p>\n<p>La reanudaci\u00f3n de la actividad f\u00edsica puede preverse a partir de la sexta semana despu\u00e9s de la operaci\u00f3n.<\/p>\n<p>Una rutina deportiva tambi\u00e9n es necesaria, al igual que el tiempo de descanso.<\/p>\n","protected":false},"excerpt":{"rendered":"<p>Antes de responder a la pregunta de cu\u00e1ndo levantar los brazos tras un aumento mamario, es importante saber en qu\u00e9 [&hellip;]<\/p>\n","protected":false},"author":1,"featured_media":23823,"comment_status":"closed","ping_status":"closed","sticky":false,"template":"","format":"standard","meta":{"footnotes":""},"categories":[86],"tags":[],"class_list":["post-24692","post","type-post","status-publish","format-standard","has-post-thumbnail","hentry","category-sin-categorizar"],"yoast_head":"<!-- This site is optimized with the Yoast SEO plugin v27.5 - https:\/\/yoast.com\/product\/yoast-seo-wordpress\/ -->\n<title>\u00bfCu\u00e1ndo levantar los brazos tras un aumento de pecho?<\/title>\n<meta name=\"description\" content=\"levantar los brazos despu\u00e9s de someterse a un aumento de pecho. Cu\u00e1ndo levantar los brazos tras un aumento de pecho\" \/>\n<meta name=\"robots\" content=\"index, follow, max-snippet:-1, max-image-preview:large, max-video-preview:-1\" \/>\n<link rel=\"canonical\" href=\"https:\/\/www.medespoir.fr\/es\/blog\/cuando-levantar-los-brazos-despues-de-un-aumento-de-pecho\/\" \/>\n<meta name=\"twitter:label1\" content=\"Escrito por\" \/>\n\t<meta name=\"twitter:data1\" content=\"Varden David\" \/>\n\t<meta name=\"twitter:label2\" content=\"Tiempo de lectura\" \/>\n\t<meta name=\"twitter:data2\" content=\"3 minutos\" \/>\n<script type=\"application\/ld+json\" class=\"yoast-schema-graph\">{\"@context\":\"https:\\\/\\\/schema.org\",\"@graph\":[{\"@type\":[\"Article\",\"BlogPosting\"],\"@id\":\"https:\\\/\\\/www.medespoir.fr\\\/es\\\/blog\\\/cuando-levantar-los-brazos-despues-de-un-aumento-de-pecho\\\/#article\",\"isPartOf\":{\"@id\":\"https:\\\/\\\/www.medespoir.fr\\\/es\\\/blog\\\/cuando-levantar-los-brazos-despues-de-un-aumento-de-pecho\\\/\"},\"author\":{\"name\":\"Varden David\",\"@id\":\"https:\\\/\\\/www.medespoir.fr\\\/es\\\/#\\\/schema\\\/person\\\/a010b19448aff47530580ca94c997b50\"},\"headline\":\"\u00bfCu\u00e1ndo levantar los brazos despu\u00e9s de un aumento de pecho?\",\"datePublished\":\"2022-04-11T07:33:36+00:00\",\"dateModified\":\"2022-12-19T12:58:18+00:00\",\"mainEntityOfPage\":{\"@id\":\"https:\\\/\\\/www.medespoir.fr\\\/es\\\/blog\\\/cuando-levantar-los-brazos-despues-de-un-aumento-de-pecho\\\/\"},\"wordCount\":550,\"publisher\":{\"@id\":\"https:\\\/\\\/www.medespoir.fr\\\/es\\\/#organization\"},\"image\":{\"@id\":\"https:\\\/\\\/www.medespoir.fr\\\/es\\\/blog\\\/cuando-levantar-los-brazos-despues-de-un-aumento-de-pecho\\\/#primaryimage\"},\"thumbnailUrl\":\"https:\\\/\\\/www.medespoir.fr\\\/wp-content\\\/uploads\\\/2022\\\/04\\\/Quand-lever-les-bras-apres-augmentation-mammaire.webp\",\"articleSection\":[\"Sin categorizar\"],\"inLanguage\":\"es\"},{\"@type\":\"WebPage\",\"@id\":\"https:\\\/\\\/www.medespoir.fr\\\/es\\\/blog\\\/cuando-levantar-los-brazos-despues-de-un-aumento-de-pecho\\\/\",\"url\":\"https:\\\/\\\/www.medespoir.fr\\\/es\\\/blog\\\/cuando-levantar-los-brazos-despues-de-un-aumento-de-pecho\\\/\",\"name\":\"\u00bfCu\u00e1ndo levantar los brazos tras un aumento de pecho?\",\"isPartOf\":{\"@id\":\"https:\\\/\\\/www.medespoir.fr\\\/es\\\/#website\"},\"primaryImageOfPage\":{\"@id\":\"https:\\\/\\\/www.medespoir.fr\\\/es\\\/blog\\\/cuando-levantar-los-brazos-despues-de-un-aumento-de-pecho\\\/#primaryimage\"},\"image\":{\"@id\":\"https:\\\/\\\/www.medespoir.fr\\\/es\\\/blog\\\/cuando-levantar-los-brazos-despues-de-un-aumento-de-pecho\\\/#primaryimage\"},\"thumbnailUrl\":\"https:\\\/\\\/www.medespoir.fr\\\/wp-content\\\/uploads\\\/2022\\\/04\\\/Quand-lever-les-bras-apres-augmentation-mammaire.webp\",\"datePublished\":\"2022-04-11T07:33:36+00:00\",\"dateModified\":\"2022-12-19T12:58:18+00:00\",\"description\":\"levantar los brazos despu\u00e9s de someterse a un aumento de pecho. Cu\u00e1ndo levantar los brazos tras un aumento de pecho\",\"breadcrumb\":{\"@id\":\"https:\\\/\\\/www.medespoir.fr\\\/es\\\/blog\\\/cuando-levantar-los-brazos-despues-de-un-aumento-de-pecho\\\/#breadcrumb\"},\"inLanguage\":\"es\",\"potentialAction\":[{\"@type\":\"ReadAction\",\"target\":[\"https:\\\/\\\/www.medespoir.fr\\\/es\\\/blog\\\/cuando-levantar-los-brazos-despues-de-un-aumento-de-pecho\\\/\"]}]},{\"@type\":\"ImageObject\",\"inLanguage\":\"es\",\"@id\":\"https:\\\/\\\/www.medespoir.fr\\\/es\\\/blog\\\/cuando-levantar-los-brazos-despues-de-un-aumento-de-pecho\\\/#primaryimage\",\"url\":\"https:\\\/\\\/www.medespoir.fr\\\/wp-content\\\/uploads\\\/2022\\\/04\\\/Quand-lever-les-bras-apres-augmentation-mammaire.webp\",\"contentUrl\":\"https:\\\/\\\/www.medespoir.fr\\\/wp-content\\\/uploads\\\/2022\\\/04\\\/Quand-lever-les-bras-apres-augmentation-mammaire.webp\",\"width\":980,\"height\":638},{\"@type\":\"BreadcrumbList\",\"@id\":\"https:\\\/\\\/www.medespoir.fr\\\/es\\\/blog\\\/cuando-levantar-los-brazos-despues-de-un-aumento-de-pecho\\\/#breadcrumb\",\"itemListElement\":[{\"@type\":\"ListItem\",\"position\":1,\"name\":\"Accueil\",\"item\":\"https:\\\/\\\/www.medespoir.fr\\\/es\\\/\"},{\"@type\":\"ListItem\",\"position\":2,\"name\":\"\u00bfCu\u00e1ndo levantar los brazos despu\u00e9s de un aumento de pecho?\"}]},{\"@type\":\"WebSite\",\"@id\":\"https:\\\/\\\/www.medespoir.fr\\\/es\\\/#website\",\"url\":\"https:\\\/\\\/www.medespoir.fr\\\/es\\\/\",\"name\":\"Medespoir France\",\"description\":\"Chirurgie esthetique Tunisie\",\"publisher\":{\"@id\":\"https:\\\/\\\/www.medespoir.fr\\\/es\\\/#organization\"},\"potentialAction\":[{\"@type\":\"SearchAction\",\"target\":{\"@type\":\"EntryPoint\",\"urlTemplate\":\"https:\\\/\\\/www.medespoir.fr\\\/es\\\/?s={search_term_string}\"},\"query-input\":{\"@type\":\"PropertyValueSpecification\",\"valueRequired\":true,\"valueName\":\"search_term_string\"}}],\"inLanguage\":\"es\"},{\"@type\":\"Organization\",\"@id\":\"https:\\\/\\\/www.medespoir.fr\\\/es\\\/#organization\",\"name\":\"Medespoir France\",\"url\":\"https:\\\/\\\/www.medespoir.fr\\\/es\\\/\",\"logo\":{\"@type\":\"ImageObject\",\"inLanguage\":\"es\",\"@id\":\"https:\\\/\\\/www.medespoir.fr\\\/es\\\/#\\\/schema\\\/logo\\\/image\\\/\",\"url\":\"https:\\\/\\\/www.medespoir.fr\\\/wp-content\\\/uploads\\\/2021\\\/10\\\/cropped-logo__medespoirFR.png\",\"contentUrl\":\"https:\\\/\\\/www.medespoir.fr\\\/wp-content\\\/uploads\\\/2021\\\/10\\\/cropped-logo__medespoirFR.png\",\"width\":150,\"height\":62,\"caption\":\"Medespoir France\"},\"image\":{\"@id\":\"https:\\\/\\\/www.medespoir.fr\\\/es\\\/#\\\/schema\\\/logo\\\/image\\\/\"},\"sameAs\":[\"https:\\\/\\\/www.facebook.com\\\/MedEspoirFr\",\"https:\\\/\\\/x.com\\\/MedEspoirTN\"]},{\"@type\":\"Person\",\"@id\":\"https:\\\/\\\/www.medespoir.fr\\\/es\\\/#\\\/schema\\\/person\\\/a010b19448aff47530580ca94c997b50\",\"name\":\"Varden David\",\"image\":{\"@type\":\"ImageObject\",\"inLanguage\":\"es\",\"@id\":\"https:\\\/\\\/secure.gravatar.com\\\/avatar\\\/5989a2164a20cb175ce6a787a079fe56263e1d3e01fa0441939c87d4fb3c8521?s=96&d=mm&r=g\",\"url\":\"https:\\\/\\\/secure.gravatar.com\\\/avatar\\\/5989a2164a20cb175ce6a787a079fe56263e1d3e01fa0441939c87d4fb3c8521?s=96&d=mm&r=g\",\"contentUrl\":\"https:\\\/\\\/secure.gravatar.com\\\/avatar\\\/5989a2164a20cb175ce6a787a079fe56263e1d3e01fa0441939c87d4fb3c8521?s=96&d=mm&r=g\",\"caption\":\"Varden David\"}}]}<\/script>\n<!-- \/ Yoast SEO plugin. -->","yoast_head_json":{"title":"\u00bfCu\u00e1ndo levantar los brazos tras un aumento de pecho?","description":"levantar los brazos despu\u00e9s de someterse a un aumento de pecho. Cu\u00e1ndo levantar los brazos tras un aumento de pecho","robots":{"index":"index","follow":"follow","max-snippet":"max-snippet:-1","max-image-preview":"max-image-preview:large","max-video-preview":"max-video-preview:-1"},"canonical":"https:\/\/www.medespoir.fr\/es\/blog\/cuando-levantar-los-brazos-despues-de-un-aumento-de-pecho\/","twitter_misc":{"Escrito por":"Varden David","Tiempo de lectura":"3 minutos"},"schema":{"@context":"https:\/\/schema.org","@graph":[{"@type":["Article","BlogPosting"],"@id":"https:\/\/www.medespoir.fr\/es\/blog\/cuando-levantar-los-brazos-despues-de-un-aumento-de-pecho\/#article","isPartOf":{"@id":"https:\/\/www.medespoir.fr\/es\/blog\/cuando-levantar-los-brazos-despues-de-un-aumento-de-pecho\/"},"author":{"name":"Varden David","@id":"https:\/\/www.medespoir.fr\/es\/#\/schema\/person\/a010b19448aff47530580ca94c997b50"},"headline":"\u00bfCu\u00e1ndo levantar los brazos despu\u00e9s de un aumento de pecho?","datePublished":"2022-04-11T07:33:36+00:00","dateModified":"2022-12-19T12:58:18+00:00","mainEntityOfPage":{"@id":"https:\/\/www.medespoir.fr\/es\/blog\/cuando-levantar-los-brazos-despues-de-un-aumento-de-pecho\/"},"wordCount":550,"publisher":{"@id":"https:\/\/www.medespoir.fr\/es\/#organization"},"image":{"@id":"https:\/\/www.medespoir.fr\/es\/blog\/cuando-levantar-los-brazos-despues-de-un-aumento-de-pecho\/#primaryimage"},"thumbnailUrl":"https:\/\/www.medespoir.fr\/wp-content\/uploads\/2022\/04\/Quand-lever-les-bras-apres-augmentation-mammaire.webp","articleSection":["Sin categorizar"],"inLanguage":"es"},{"@type":"WebPage","@id":"https:\/\/www.medespoir.fr\/es\/blog\/cuando-levantar-los-brazos-despues-de-un-aumento-de-pecho\/","url":"https:\/\/www.medespoir.fr\/es\/blog\/cuando-levantar-los-brazos-despues-de-un-aumento-de-pecho\/","name":"\u00bfCu\u00e1ndo levantar los brazos tras un aumento de pecho?","isPartOf":{"@id":"https:\/\/www.medespoir.fr\/es\/#website"},"primaryImageOfPage":{"@id":"https:\/\/www.medespoir.fr\/es\/blog\/cuando-levantar-los-brazos-despues-de-un-aumento-de-pecho\/#primaryimage"},"image":{"@id":"https:\/\/www.medespoir.fr\/es\/blog\/cuando-levantar-los-brazos-despues-de-un-aumento-de-pecho\/#primaryimage"},"thumbnailUrl":"https:\/\/www.medespoir.fr\/wp-content\/uploads\/2022\/04\/Quand-lever-les-bras-apres-augmentation-mammaire.webp","datePublished":"2022-04-11T07:33:36+00:00","dateModified":"2022-12-19T12:58:18+00:00","description":"levantar los brazos despu\u00e9s de someterse a un aumento de pecho. Cu\u00e1ndo levantar los brazos tras un aumento de pecho","breadcrumb":{"@id":"https:\/\/www.medespoir.fr\/es\/blog\/cuando-levantar-los-brazos-despues-de-un-aumento-de-pecho\/#breadcrumb"},"inLanguage":"es","potentialAction":[{"@type":"ReadAction","target":["https:\/\/www.medespoir.fr\/es\/blog\/cuando-levantar-los-brazos-despues-de-un-aumento-de-pecho\/"]}]},{"@type":"ImageObject","inLanguage":"es","@id":"https:\/\/www.medespoir.fr\/es\/blog\/cuando-levantar-los-brazos-despues-de-un-aumento-de-pecho\/#primaryimage","url":"https:\/\/www.medespoir.fr\/wp-content\/uploads\/2022\/04\/Quand-lever-les-bras-apres-augmentation-mammaire.webp","contentUrl":"https:\/\/www.medespoir.fr\/wp-content\/uploads\/2022\/04\/Quand-lever-les-bras-apres-augmentation-mammaire.webp","width":980,"height":638},{"@type":"BreadcrumbList","@id":"https:\/\/www.medespoir.fr\/es\/blog\/cuando-levantar-los-brazos-despues-de-un-aumento-de-pecho\/#breadcrumb","itemListElement":[{"@type":"ListItem","position":1,"name":"Accueil","item":"https:\/\/www.medespoir.fr\/es\/"},{"@type":"ListItem","position":2,"name":"\u00bfCu\u00e1ndo levantar los brazos despu\u00e9s de un aumento de pecho?"}]},{"@type":"WebSite","@id":"https:\/\/www.medespoir.fr\/es\/#website","url":"https:\/\/www.medespoir.fr\/es\/","name":"Medespoir France","description":"Chirurgie esthetique Tunisie","publisher":{"@id":"https:\/\/www.medespoir.fr\/es\/#organization"},"potentialAction":[{"@type":"SearchAction","target":{"@type":"EntryPoint","urlTemplate":"https:\/\/www.medespoir.fr\/es\/?s={search_term_string}"},"query-input":{"@type":"PropertyValueSpecification","valueRequired":true,"valueName":"search_term_string"}}],"inLanguage":"es"},{"@type":"Organization","@id":"https:\/\/www.medespoir.fr\/es\/#organization","name":"Medespoir France","url":"https:\/\/www.medespoir.fr\/es\/","logo":{"@type":"ImageObject","inLanguage":"es","@id":"https:\/\/www.medespoir.fr\/es\/#\/schema\/logo\/image\/","url":"https:\/\/www.medespoir.fr\/wp-content\/uploads\/2021\/10\/cropped-logo__medespoirFR.png","contentUrl":"https:\/\/www.medespoir.fr\/wp-content\/uploads\/2021\/10\/cropped-logo__medespoirFR.png","width":150,"height":62,"caption":"Medespoir France"},"image":{"@id":"https:\/\/www.medespoir.fr\/es\/#\/schema\/logo\/image\/"},"sameAs":["https:\/\/www.facebook.com\/MedEspoirFr","https:\/\/x.com\/MedEspoirTN"]},{"@type":"Person","@id":"https:\/\/www.medespoir.fr\/es\/#\/schema\/person\/a010b19448aff47530580ca94c997b50","name":"Varden David","image":{"@type":"ImageObject","inLanguage":"es","@id":"https:\/\/secure.gravatar.com\/avatar\/5989a2164a20cb175ce6a787a079fe56263e1d3e01fa0441939c87d4fb3c8521?s=96&d=mm&r=g","url":"https:\/\/secure.gravatar.com\/avatar\/5989a2164a20cb175ce6a787a079fe56263e1d3e01fa0441939c87d4fb3c8521?s=96&d=mm&r=g","contentUrl":"https:\/\/secure.gravatar.com\/avatar\/5989a2164a20cb175ce6a787a079fe56263e1d3e01fa0441939c87d4fb3c8521?s=96&d=mm&r=g","caption":"Varden David"}}]}},"_links":{"self":[{"href":"https:\/\/www.medespoir.fr\/es\/wp-json\/wp\/v2\/posts\/24692","targetHints":{"allow":["GET"]}}],"collection":[{"href":"https:\/\/www.medespoir.fr\/es\/wp-json\/wp\/v2\/posts"}],"about":[{"href":"https:\/\/www.medespoir.fr\/es\/wp-json\/wp\/v2\/types\/post"}],"author":[{"embeddable":true,"href":"https:\/\/www.medespoir.fr\/es\/wp-json\/wp\/v2\/users\/1"}],"replies":[{"embeddable":true,"href":"https:\/\/www.medespoir.fr\/es\/wp-json\/wp\/v2\/comments?post=24692"}],"version-history":[{"count":0,"href":"https:\/\/www.medespoir.fr\/es\/wp-json\/wp\/v2\/posts\/24692\/revisions"}],"wp:featuredmedia":[{"embeddable":true,"href":"https:\/\/www.medespoir.fr\/es\/wp-json\/wp\/v2\/media\/23823"}],"wp:attachment":[{"href":"https:\/\/www.medespoir.fr\/es\/wp-json\/wp\/v2\/media?parent=24692"}],"wp:term":[{"taxonomy":"category","embeddable":true,"href":"https:\/\/www.medespoir.fr\/es\/wp-json\/wp\/v2\/categories?post=24692"},{"taxonomy":"post_tag","embeddable":true,"href":"https:\/\/www.medespoir.fr\/es\/wp-json\/wp\/v2\/tags?post=24692"}],"curies":[{"name":"wp","href":"https:\/\/api.w.org\/{rel}","templated":true}]}}