{"id":24662,"date":"2021-07-19T12:01:33","date_gmt":"2021-07-19T10:01:33","guid":{"rendered":"https:\/\/www.medespoir.fr\/blog\/salma-hayek-habla-de-sus-grandes-pechos\/"},"modified":"2022-12-19T16:41:10","modified_gmt":"2022-12-19T15:41:10","slug":"salma-hayek-habla-de-sus-grandes-pechos","status":"publish","type":"post","link":"https:\/\/www.medespoir.fr\/es\/blog\/salma-hayek-habla-de-sus-grandes-pechos\/","title":{"rendered":"Salma Hayek habla de sus grandes pechos"},"content":{"rendered":"<p>Desde el principio de su carrera, el <strong>Salma Hayek<\/strong> sigue en el candelero (como muchas otras estrellas de Hollywood) y siempre ha sido objeto de debate, tanto por su gen\u00e9tica como por los rumores de que el tama\u00f1o de sus pechos era obra de un cirujano pl\u00e1stico.<\/p>\n<p>La mexicana, que rechaza rotundamente el b\u00f3tox y otros tratamientos est\u00e9ticos, es consciente de que en los \u00faltimos a\u00f1os ha habido varios rumores de que ha se someti\u00f3 a cirug\u00eda pl\u00e1stica para aumentar el tama\u00f1o de sus pechos y quiso dejar claro que cualquier cambio en su aspecto era una reacci\u00f3n natural al paso del tiempo.<img fetchpriority=\"high\" decoding=\"async\" class=\"alignright\" src=\"https:\/\/www.medespoir.fr\/wp-content\/uploads\/2021\/07\/Salma-Hayek-chirurgie-esthetique.jpeg\" alt=\"Salma Hayek cirug\u00eda est\u00e9tica\" width=\"305\" height=\"427\" \/><\/p>\n<h2>La revelaci\u00f3n de Salma Hayek sobre sus grandes pechos<\/h2>\n<p><em>\u00abEs muy molesto que algunas mujeres tengan que seguir diciendo si se han hecho arreglos o no, \u00bfverdad? Siempre decimos: si te hace sentir bien, hazlo. Mucha gente ha dicho que me he aumentado el pecho, \u00a1y no les culpo! Es cierto que mis pechos sol\u00edan ser m\u00e1s peque\u00f1os, como el resto de mi cuerpo, pero \u00a1segu\u00edan creciendo! Y mi espalda sufri\u00f3 mucho. Y no hay mucha gente que hable de este problema.<\/em>Se lo confes\u00f3 a Jada Pinkett Smith en Red Table Talk.<\/p>\n<p><em>La actriz, de 54 a\u00f1os, se sorprendi\u00f3 al descubrir algunos de los efectos secundarios de la menopausia, que en su caso no se limitaron a los habituales sofocos, porque ya se sabe que cada cuerpo es diferente: \u00abA algunas mujeres, los pechos se les quedan peque\u00f1os. Pero hay otras personas que, cuando ganan peso o amamantan a sus hijos, sus pechos crecen y no se hacen m\u00e1s peque\u00f1os. En algunos casos, esto tambi\u00e9n ocurre en la \u00e9poca de la menopausia. Y resulta que yo soy una de las personas que han pasado por cada una de estas etapas.<\/em> \u00ab, brome\u00f3.<\/p>\n<p>La menopausia provoca un cambio radical en el cuerpo de la mujer. Este paso es obligatorio y se debe a un desequilibrio hormonal. Y Salma Hayek no es la \u00fanica que sufre las consecuencias.<\/p>\n","protected":false},"excerpt":{"rendered":"<p>Desde el principio de su carrera, el Salma Hayek sigue en el candelero (como muchas otras estrellas de Hollywood) y [&hellip;]<\/p>\n","protected":false},"author":1,"featured_media":23133,"comment_status":"closed","ping_status":"closed","sticky":false,"template":"","format":"standard","meta":{"footnotes":""},"categories":[122],"tags":[],"class_list":["post-24662","post","type-post","status-publish","format-standard","has-post-thumbnail","hentry","category-estrellas-de-la-cirugia-plastica"],"yoast_head":"<!-- This site is optimized with the Yoast SEO plugin v27.5 - https:\/\/yoast.com\/product\/yoast-seo-wordpress\/ -->\n<title>Salma Hayek habla de sus pechos cambiantes a medida que envejece<\/title>\n<meta name=\"description\" content=\"Salma Hayek, la actriz de 54 a\u00f1os, ha declarado que la menopausia ha repercutido en el tama\u00f1o de sus pechos.\" \/>\n<meta name=\"robots\" content=\"index, follow, max-snippet:-1, max-image-preview:large, max-video-preview:-1\" \/>\n<link rel=\"canonical\" href=\"https:\/\/www.medespoir.fr\/es\/blog\/salma-hayek-habla-de-sus-grandes-pechos\/\" \/>\n<meta name=\"twitter:label1\" content=\"Escrito por\" \/>\n\t<meta name=\"twitter:data1\" content=\"Varden David\" \/>\n\t<meta name=\"twitter:label2\" content=\"Tiempo de lectura\" \/>\n\t<meta name=\"twitter:data2\" content=\"2 minutos\" \/>\n<script type=\"application\/ld+json\" class=\"yoast-schema-graph\">{\"@context\":\"https:\\\/\\\/schema.org\",\"@graph\":[{\"@type\":[\"Article\",\"BlogPosting\"],\"@id\":\"https:\\\/\\\/www.medespoir.fr\\\/es\\\/blog\\\/salma-hayek-habla-de-sus-grandes-pechos\\\/#article\",\"isPartOf\":{\"@id\":\"https:\\\/\\\/www.medespoir.fr\\\/es\\\/blog\\\/salma-hayek-habla-de-sus-grandes-pechos\\\/\"},\"author\":{\"name\":\"Varden David\",\"@id\":\"https:\\\/\\\/www.medespoir.fr\\\/es\\\/#\\\/schema\\\/person\\\/a010b19448aff47530580ca94c997b50\"},\"headline\":\"Salma Hayek habla de sus grandes pechos\",\"datePublished\":\"2021-07-19T10:01:33+00:00\",\"dateModified\":\"2022-12-19T15:41:10+00:00\",\"mainEntityOfPage\":{\"@id\":\"https:\\\/\\\/www.medespoir.fr\\\/es\\\/blog\\\/salma-hayek-habla-de-sus-grandes-pechos\\\/\"},\"wordCount\":355,\"publisher\":{\"@id\":\"https:\\\/\\\/www.medespoir.fr\\\/es\\\/#organization\"},\"image\":{\"@id\":\"https:\\\/\\\/www.medespoir.fr\\\/es\\\/blog\\\/salma-hayek-habla-de-sus-grandes-pechos\\\/#primaryimage\"},\"thumbnailUrl\":\"https:\\\/\\\/www.medespoir.fr\\\/wp-content\\\/uploads\\\/2021\\\/07\\\/salma-hayek-poitrine.jpg\",\"articleSection\":[\"estrellas de la cirug\u00eda pl\u00e1stica\"],\"inLanguage\":\"es\"},{\"@type\":\"WebPage\",\"@id\":\"https:\\\/\\\/www.medespoir.fr\\\/es\\\/blog\\\/salma-hayek-habla-de-sus-grandes-pechos\\\/\",\"url\":\"https:\\\/\\\/www.medespoir.fr\\\/es\\\/blog\\\/salma-hayek-habla-de-sus-grandes-pechos\\\/\",\"name\":\"Salma Hayek habla de sus pechos cambiantes a medida que envejece\",\"isPartOf\":{\"@id\":\"https:\\\/\\\/www.medespoir.fr\\\/es\\\/#website\"},\"primaryImageOfPage\":{\"@id\":\"https:\\\/\\\/www.medespoir.fr\\\/es\\\/blog\\\/salma-hayek-habla-de-sus-grandes-pechos\\\/#primaryimage\"},\"image\":{\"@id\":\"https:\\\/\\\/www.medespoir.fr\\\/es\\\/blog\\\/salma-hayek-habla-de-sus-grandes-pechos\\\/#primaryimage\"},\"thumbnailUrl\":\"https:\\\/\\\/www.medespoir.fr\\\/wp-content\\\/uploads\\\/2021\\\/07\\\/salma-hayek-poitrine.jpg\",\"datePublished\":\"2021-07-19T10:01:33+00:00\",\"dateModified\":\"2022-12-19T15:41:10+00:00\",\"description\":\"Salma Hayek, la actriz de 54 a\u00f1os, ha declarado que la menopausia ha repercutido en el tama\u00f1o de sus pechos.\",\"breadcrumb\":{\"@id\":\"https:\\\/\\\/www.medespoir.fr\\\/es\\\/blog\\\/salma-hayek-habla-de-sus-grandes-pechos\\\/#breadcrumb\"},\"inLanguage\":\"es\",\"potentialAction\":[{\"@type\":\"ReadAction\",\"target\":[\"https:\\\/\\\/www.medespoir.fr\\\/es\\\/blog\\\/salma-hayek-habla-de-sus-grandes-pechos\\\/\"]}]},{\"@type\":\"ImageObject\",\"inLanguage\":\"es\",\"@id\":\"https:\\\/\\\/www.medespoir.fr\\\/es\\\/blog\\\/salma-hayek-habla-de-sus-grandes-pechos\\\/#primaryimage\",\"url\":\"https:\\\/\\\/www.medespoir.fr\\\/wp-content\\\/uploads\\\/2021\\\/07\\\/salma-hayek-poitrine.jpg\",\"contentUrl\":\"https:\\\/\\\/www.medespoir.fr\\\/wp-content\\\/uploads\\\/2021\\\/07\\\/salma-hayek-poitrine.jpg\",\"width\":722,\"height\":451},{\"@type\":\"BreadcrumbList\",\"@id\":\"https:\\\/\\\/www.medespoir.fr\\\/es\\\/blog\\\/salma-hayek-habla-de-sus-grandes-pechos\\\/#breadcrumb\",\"itemListElement\":[{\"@type\":\"ListItem\",\"position\":1,\"name\":\"Accueil\",\"item\":\"https:\\\/\\\/www.medespoir.fr\\\/es\\\/\"},{\"@type\":\"ListItem\",\"position\":2,\"name\":\"Salma Hayek habla de sus grandes pechos\"}]},{\"@type\":\"WebSite\",\"@id\":\"https:\\\/\\\/www.medespoir.fr\\\/es\\\/#website\",\"url\":\"https:\\\/\\\/www.medespoir.fr\\\/es\\\/\",\"name\":\"Medespoir France\",\"description\":\"Chirurgie esthetique Tunisie\",\"publisher\":{\"@id\":\"https:\\\/\\\/www.medespoir.fr\\\/es\\\/#organization\"},\"potentialAction\":[{\"@type\":\"SearchAction\",\"target\":{\"@type\":\"EntryPoint\",\"urlTemplate\":\"https:\\\/\\\/www.medespoir.fr\\\/es\\\/?s={search_term_string}\"},\"query-input\":{\"@type\":\"PropertyValueSpecification\",\"valueRequired\":true,\"valueName\":\"search_term_string\"}}],\"inLanguage\":\"es\"},{\"@type\":\"Organization\",\"@id\":\"https:\\\/\\\/www.medespoir.fr\\\/es\\\/#organization\",\"name\":\"Medespoir France\",\"url\":\"https:\\\/\\\/www.medespoir.fr\\\/es\\\/\",\"logo\":{\"@type\":\"ImageObject\",\"inLanguage\":\"es\",\"@id\":\"https:\\\/\\\/www.medespoir.fr\\\/es\\\/#\\\/schema\\\/logo\\\/image\\\/\",\"url\":\"https:\\\/\\\/www.medespoir.fr\\\/wp-content\\\/uploads\\\/2021\\\/10\\\/cropped-logo__medespoirFR.png\",\"contentUrl\":\"https:\\\/\\\/www.medespoir.fr\\\/wp-content\\\/uploads\\\/2021\\\/10\\\/cropped-logo__medespoirFR.png\",\"width\":150,\"height\":62,\"caption\":\"Medespoir France\"},\"image\":{\"@id\":\"https:\\\/\\\/www.medespoir.fr\\\/es\\\/#\\\/schema\\\/logo\\\/image\\\/\"},\"sameAs\":[\"https:\\\/\\\/www.facebook.com\\\/MedEspoirFr\",\"https:\\\/\\\/x.com\\\/MedEspoirTN\"]},{\"@type\":\"Person\",\"@id\":\"https:\\\/\\\/www.medespoir.fr\\\/es\\\/#\\\/schema\\\/person\\\/a010b19448aff47530580ca94c997b50\",\"name\":\"Varden David\",\"image\":{\"@type\":\"ImageObject\",\"inLanguage\":\"es\",\"@id\":\"https:\\\/\\\/secure.gravatar.com\\\/avatar\\\/5989a2164a20cb175ce6a787a079fe56263e1d3e01fa0441939c87d4fb3c8521?s=96&d=mm&r=g\",\"url\":\"https:\\\/\\\/secure.gravatar.com\\\/avatar\\\/5989a2164a20cb175ce6a787a079fe56263e1d3e01fa0441939c87d4fb3c8521?s=96&d=mm&r=g\",\"contentUrl\":\"https:\\\/\\\/secure.gravatar.com\\\/avatar\\\/5989a2164a20cb175ce6a787a079fe56263e1d3e01fa0441939c87d4fb3c8521?s=96&d=mm&r=g\",\"caption\":\"Varden David\"}}]}<\/script>\n<!-- \/ Yoast SEO plugin. -->","yoast_head_json":{"title":"Salma Hayek habla de sus pechos cambiantes a medida que envejece","description":"Salma Hayek, la actriz de 54 a\u00f1os, ha declarado que la menopausia ha repercutido en el tama\u00f1o de sus pechos.","robots":{"index":"index","follow":"follow","max-snippet":"max-snippet:-1","max-image-preview":"max-image-preview:large","max-video-preview":"max-video-preview:-1"},"canonical":"https:\/\/www.medespoir.fr\/es\/blog\/salma-hayek-habla-de-sus-grandes-pechos\/","twitter_misc":{"Escrito por":"Varden David","Tiempo de lectura":"2 minutos"},"schema":{"@context":"https:\/\/schema.org","@graph":[{"@type":["Article","BlogPosting"],"@id":"https:\/\/www.medespoir.fr\/es\/blog\/salma-hayek-habla-de-sus-grandes-pechos\/#article","isPartOf":{"@id":"https:\/\/www.medespoir.fr\/es\/blog\/salma-hayek-habla-de-sus-grandes-pechos\/"},"author":{"name":"Varden David","@id":"https:\/\/www.medespoir.fr\/es\/#\/schema\/person\/a010b19448aff47530580ca94c997b50"},"headline":"Salma Hayek habla de sus grandes pechos","datePublished":"2021-07-19T10:01:33+00:00","dateModified":"2022-12-19T15:41:10+00:00","mainEntityOfPage":{"@id":"https:\/\/www.medespoir.fr\/es\/blog\/salma-hayek-habla-de-sus-grandes-pechos\/"},"wordCount":355,"publisher":{"@id":"https:\/\/www.medespoir.fr\/es\/#organization"},"image":{"@id":"https:\/\/www.medespoir.fr\/es\/blog\/salma-hayek-habla-de-sus-grandes-pechos\/#primaryimage"},"thumbnailUrl":"https:\/\/www.medespoir.fr\/wp-content\/uploads\/2021\/07\/salma-hayek-poitrine.jpg","articleSection":["estrellas de la cirug\u00eda pl\u00e1stica"],"inLanguage":"es"},{"@type":"WebPage","@id":"https:\/\/www.medespoir.fr\/es\/blog\/salma-hayek-habla-de-sus-grandes-pechos\/","url":"https:\/\/www.medespoir.fr\/es\/blog\/salma-hayek-habla-de-sus-grandes-pechos\/","name":"Salma Hayek habla de sus pechos cambiantes a medida que envejece","isPartOf":{"@id":"https:\/\/www.medespoir.fr\/es\/#website"},"primaryImageOfPage":{"@id":"https:\/\/www.medespoir.fr\/es\/blog\/salma-hayek-habla-de-sus-grandes-pechos\/#primaryimage"},"image":{"@id":"https:\/\/www.medespoir.fr\/es\/blog\/salma-hayek-habla-de-sus-grandes-pechos\/#primaryimage"},"thumbnailUrl":"https:\/\/www.medespoir.fr\/wp-content\/uploads\/2021\/07\/salma-hayek-poitrine.jpg","datePublished":"2021-07-19T10:01:33+00:00","dateModified":"2022-12-19T15:41:10+00:00","description":"Salma Hayek, la actriz de 54 a\u00f1os, ha declarado que la menopausia ha repercutido en el tama\u00f1o de sus pechos.","breadcrumb":{"@id":"https:\/\/www.medespoir.fr\/es\/blog\/salma-hayek-habla-de-sus-grandes-pechos\/#breadcrumb"},"inLanguage":"es","potentialAction":[{"@type":"ReadAction","target":["https:\/\/www.medespoir.fr\/es\/blog\/salma-hayek-habla-de-sus-grandes-pechos\/"]}]},{"@type":"ImageObject","inLanguage":"es","@id":"https:\/\/www.medespoir.fr\/es\/blog\/salma-hayek-habla-de-sus-grandes-pechos\/#primaryimage","url":"https:\/\/www.medespoir.fr\/wp-content\/uploads\/2021\/07\/salma-hayek-poitrine.jpg","contentUrl":"https:\/\/www.medespoir.fr\/wp-content\/uploads\/2021\/07\/salma-hayek-poitrine.jpg","width":722,"height":451},{"@type":"BreadcrumbList","@id":"https:\/\/www.medespoir.fr\/es\/blog\/salma-hayek-habla-de-sus-grandes-pechos\/#breadcrumb","itemListElement":[{"@type":"ListItem","position":1,"name":"Accueil","item":"https:\/\/www.medespoir.fr\/es\/"},{"@type":"ListItem","position":2,"name":"Salma Hayek habla de sus grandes pechos"}]},{"@type":"WebSite","@id":"https:\/\/www.medespoir.fr\/es\/#website","url":"https:\/\/www.medespoir.fr\/es\/","name":"Medespoir France","description":"Chirurgie esthetique Tunisie","publisher":{"@id":"https:\/\/www.medespoir.fr\/es\/#organization"},"potentialAction":[{"@type":"SearchAction","target":{"@type":"EntryPoint","urlTemplate":"https:\/\/www.medespoir.fr\/es\/?s={search_term_string}"},"query-input":{"@type":"PropertyValueSpecification","valueRequired":true,"valueName":"search_term_string"}}],"inLanguage":"es"},{"@type":"Organization","@id":"https:\/\/www.medespoir.fr\/es\/#organization","name":"Medespoir France","url":"https:\/\/www.medespoir.fr\/es\/","logo":{"@type":"ImageObject","inLanguage":"es","@id":"https:\/\/www.medespoir.fr\/es\/#\/schema\/logo\/image\/","url":"https:\/\/www.medespoir.fr\/wp-content\/uploads\/2021\/10\/cropped-logo__medespoirFR.png","contentUrl":"https:\/\/www.medespoir.fr\/wp-content\/uploads\/2021\/10\/cropped-logo__medespoirFR.png","width":150,"height":62,"caption":"Medespoir France"},"image":{"@id":"https:\/\/www.medespoir.fr\/es\/#\/schema\/logo\/image\/"},"sameAs":["https:\/\/www.facebook.com\/MedEspoirFr","https:\/\/x.com\/MedEspoirTN"]},{"@type":"Person","@id":"https:\/\/www.medespoir.fr\/es\/#\/schema\/person\/a010b19448aff47530580ca94c997b50","name":"Varden David","image":{"@type":"ImageObject","inLanguage":"es","@id":"https:\/\/secure.gravatar.com\/avatar\/5989a2164a20cb175ce6a787a079fe56263e1d3e01fa0441939c87d4fb3c8521?s=96&d=mm&r=g","url":"https:\/\/secure.gravatar.com\/avatar\/5989a2164a20cb175ce6a787a079fe56263e1d3e01fa0441939c87d4fb3c8521?s=96&d=mm&r=g","contentUrl":"https:\/\/secure.gravatar.com\/avatar\/5989a2164a20cb175ce6a787a079fe56263e1d3e01fa0441939c87d4fb3c8521?s=96&d=mm&r=g","caption":"Varden David"}}]}},"_links":{"self":[{"href":"https:\/\/www.medespoir.fr\/es\/wp-json\/wp\/v2\/posts\/24662","targetHints":{"allow":["GET"]}}],"collection":[{"href":"https:\/\/www.medespoir.fr\/es\/wp-json\/wp\/v2\/posts"}],"about":[{"href":"https:\/\/www.medespoir.fr\/es\/wp-json\/wp\/v2\/types\/post"}],"author":[{"embeddable":true,"href":"https:\/\/www.medespoir.fr\/es\/wp-json\/wp\/v2\/users\/1"}],"replies":[{"embeddable":true,"href":"https:\/\/www.medespoir.fr\/es\/wp-json\/wp\/v2\/comments?post=24662"}],"version-history":[{"count":0,"href":"https:\/\/www.medespoir.fr\/es\/wp-json\/wp\/v2\/posts\/24662\/revisions"}],"wp:featuredmedia":[{"embeddable":true,"href":"https:\/\/www.medespoir.fr\/es\/wp-json\/wp\/v2\/media\/23133"}],"wp:attachment":[{"href":"https:\/\/www.medespoir.fr\/es\/wp-json\/wp\/v2\/media?parent=24662"}],"wp:term":[{"taxonomy":"category","embeddable":true,"href":"https:\/\/www.medespoir.fr\/es\/wp-json\/wp\/v2\/categories?post=24662"},{"taxonomy":"post_tag","embeddable":true,"href":"https:\/\/www.medespoir.fr\/es\/wp-json\/wp\/v2\/tags?post=24662"}],"curies":[{"name":"wp","href":"https:\/\/api.w.org\/{rel}","templated":true}]}}