{"id":24624,"date":"2022-11-28T15:00:53","date_gmt":"2022-11-28T14:00:53","guid":{"rendered":"https:\/\/www.medespoir.fr\/blog\/por-que-tenemos-pechos-pequenos\/"},"modified":"2022-12-19T12:17:20","modified_gmt":"2022-12-19T11:17:20","slug":"por-que-tenemos-pechos-pequenos","status":"publish","type":"post","link":"https:\/\/www.medespoir.fr\/es\/blog\/por-que-tenemos-pechos-pequenos\/","title":{"rendered":"\u00bfPor qu\u00e9 tenemos pechos peque\u00f1os?"},"content":{"rendered":"<p>Durante el crecimiento, todas las partes del cuerpo, excepto los ojos, se desarrollan y cambian de tama\u00f1o hasta que su desarrollo se detiene a cierta edad. <!--more-->El <strong>tama\u00f1o del pecho<\/strong>, sin embargo, es una historia completamente diferente.  <strong>Los senos<\/strong> pueden cambiar de tama\u00f1o y forma a lo largo de la vida.<\/p>\n<p>Como los pechos son importantes para las mujeres a muchos niveles, a algunas les gusta el tama\u00f1o de sus pechos, a otras no. Un <strong>pecho plano<\/strong>, por ejemplo, puede crear un gran malestar psicol\u00f3gico y llevar a la cirug\u00eda est\u00e9tica para <a href=\"https:\/\/www.medespoir.fr\/es\/aumento-de-mamas\/\">aumentar el pecho<\/a>.<\/p>\n<p><img fetchpriority=\"high\" decoding=\"async\" class=\"aligncenter\" src=\"https:\/\/www.medespoir.fr\/wp-content\/uploads\/2020\/03\/Pourquoi-petite-poitrine.jpg\" alt=\"\u00bfPor qu\u00e9 tenemos pechos peque\u00f1os?\" width=\"626\" height=\"417\"><\/p>\n<p style=\"text-align: center;\">\u00bfQu\u00e9 determina el tama\u00f1o de los senos?<\/p>\n<h2>Factores que determinan el tama\u00f1o del pecho<\/h2>\n<blockquote><p><strong>\u00bfDe qu\u00e9 depende el tama\u00f1o del pecho?<\/strong><\/p><\/blockquote>\n<p>Aunque es f\u00e1cil pensar que tu talla de copa est\u00e1 predestinada, en realidad hay muchos factores que influyen en ella. He aqu\u00ed los principales factores que determinan el tama\u00f1o global de tus pechos:<\/p>\n<h3>El factor gen\u00e9tico<\/h3>\n<p>La gen\u00e9tica es un factor importante a la hora de determinar el tama\u00f1o del pecho. Si sus antepasados femeninos tienen <strong>pechos grandes<\/strong>, es mucho m\u00e1s probable que usted <strong>desarrolle pechos grandes<\/strong>.<\/p>\n<p>Obviamente, los genes que afectan al tama\u00f1o de los senos tambi\u00e9n pueden transmitirse a trav\u00e9s de sus antepasados varones.<\/p>\n<h3>El peso<\/h3>\n<p>Las mamas est\u00e1n formadas por tejido de sost\u00e9n o conjuntivo, gl\u00e1ndulas y conductos l\u00e1cteos, y tejido adiposo. Las proporciones de cada tipo de tejido son \u00fanicas para cada mujer. Algunos tienen m\u00e1s tejido de sost\u00e9n que grasa y viceversa. Por lo tanto, si sus mamas contienen una mayor concentraci\u00f3n de tejido adiposo, es posible que observe una diferencia en el tama\u00f1o de las mamas cuando gane o pierda peso.<\/p>\n<p>En resumen, el tama\u00f1o de los senos est\u00e1 estrechamente relacionado con la masa corporal. Por lo tanto, si eres delgada, es mucho m\u00e1s probable que tengas pechos peque\u00f1os.<\/p>\n<h3>Edad<\/h3>\n<p>Los pechos se desarrollan a lo largo de la pubertad. El crecimiento de los senos suele ralentizarse en torno a los 17 o 18 a\u00f1os. Y a medida que se acerca la menopausia, los cambios hormonales repercuten en el tama\u00f1o y la forma de los senos. A medida que disminuyen los niveles de estr\u00f3geno, el tejido conjuntivo de los senos se deshidrata y pierde su elasticidad. Adem\u00e1s, el tejido mamario, que normalmente se prepara para producir leche, deja de hacerlo y empieza a encogerse. Como resultado, el volumen de los senos disminuye.<\/p>\n","protected":false},"excerpt":{"rendered":"<p>Durante el crecimiento, todas las partes del cuerpo, excepto los ojos, se desarrollan y cambian de tama\u00f1o hasta que su [&hellip;]<\/p>\n","protected":false},"author":1,"featured_media":22469,"comment_status":"closed","ping_status":"closed","sticky":false,"template":"","format":"standard","meta":{"footnotes":""},"categories":[121,86],"tags":[],"class_list":["post-24624","post","type-post","status-publish","format-standard","has-post-thumbnail","hentry","category-perder-peso","category-sin-categorizar"],"yoast_head":"<!-- This site is optimized with the Yoast SEO plugin v27.5 - https:\/\/yoast.com\/product\/yoast-seo-wordpress\/ -->\n<title>\u00bfPor qu\u00e9 tenemos pechos peque\u00f1os? \u00bfDe qu\u00e9 depende?<\/title>\n<meta name=\"description\" content=\"\u00bfpor qu\u00e9 algunas mujeres tienen los pechos peque\u00f1os? \u00bfcu\u00e1les son las causas de los pechos peque\u00f1os y qu\u00e9 determina su tama\u00f1o?\" \/>\n<meta name=\"robots\" content=\"index, follow, max-snippet:-1, max-image-preview:large, max-video-preview:-1\" \/>\n<link rel=\"canonical\" href=\"https:\/\/www.medespoir.fr\/es\/blog\/por-que-tenemos-pechos-pequenos\/\" \/>\n<meta name=\"twitter:label1\" content=\"Escrito por\" \/>\n\t<meta name=\"twitter:data1\" content=\"Varden David\" \/>\n\t<meta name=\"twitter:label2\" content=\"Tiempo de lectura\" \/>\n\t<meta name=\"twitter:data2\" content=\"3 minutos\" \/>\n<script type=\"application\/ld+json\" class=\"yoast-schema-graph\">{\"@context\":\"https:\\\/\\\/schema.org\",\"@graph\":[{\"@type\":[\"Article\",\"BlogPosting\"],\"@id\":\"https:\\\/\\\/www.medespoir.fr\\\/es\\\/blog\\\/por-que-tenemos-pechos-pequenos\\\/#article\",\"isPartOf\":{\"@id\":\"https:\\\/\\\/www.medespoir.fr\\\/es\\\/blog\\\/por-que-tenemos-pechos-pequenos\\\/\"},\"author\":{\"name\":\"Varden David\",\"@id\":\"https:\\\/\\\/www.medespoir.fr\\\/es\\\/#\\\/schema\\\/person\\\/a010b19448aff47530580ca94c997b50\"},\"headline\":\"\u00bfPor qu\u00e9 tenemos pechos peque\u00f1os?\",\"datePublished\":\"2022-11-28T14:00:53+00:00\",\"dateModified\":\"2022-12-19T11:17:20+00:00\",\"mainEntityOfPage\":{\"@id\":\"https:\\\/\\\/www.medespoir.fr\\\/es\\\/blog\\\/por-que-tenemos-pechos-pequenos\\\/\"},\"wordCount\":432,\"publisher\":{\"@id\":\"https:\\\/\\\/www.medespoir.fr\\\/es\\\/#organization\"},\"image\":{\"@id\":\"https:\\\/\\\/www.medespoir.fr\\\/es\\\/blog\\\/por-que-tenemos-pechos-pequenos\\\/#primaryimage\"},\"thumbnailUrl\":\"https:\\\/\\\/www.medespoir.fr\\\/wp-content\\\/uploads\\\/2020\\\/03\\\/Pourquoi-petite-poitrine.jpg\",\"articleSection\":[\"Perder peso\",\"Sin categorizar\"],\"inLanguage\":\"es\"},{\"@type\":\"WebPage\",\"@id\":\"https:\\\/\\\/www.medespoir.fr\\\/es\\\/blog\\\/por-que-tenemos-pechos-pequenos\\\/\",\"url\":\"https:\\\/\\\/www.medespoir.fr\\\/es\\\/blog\\\/por-que-tenemos-pechos-pequenos\\\/\",\"name\":\"\u00bfPor qu\u00e9 tenemos pechos peque\u00f1os? \u00bfDe qu\u00e9 depende?\",\"isPartOf\":{\"@id\":\"https:\\\/\\\/www.medespoir.fr\\\/es\\\/#website\"},\"primaryImageOfPage\":{\"@id\":\"https:\\\/\\\/www.medespoir.fr\\\/es\\\/blog\\\/por-que-tenemos-pechos-pequenos\\\/#primaryimage\"},\"image\":{\"@id\":\"https:\\\/\\\/www.medespoir.fr\\\/es\\\/blog\\\/por-que-tenemos-pechos-pequenos\\\/#primaryimage\"},\"thumbnailUrl\":\"https:\\\/\\\/www.medespoir.fr\\\/wp-content\\\/uploads\\\/2020\\\/03\\\/Pourquoi-petite-poitrine.jpg\",\"datePublished\":\"2022-11-28T14:00:53+00:00\",\"dateModified\":\"2022-12-19T11:17:20+00:00\",\"description\":\"\u00bfpor qu\u00e9 algunas mujeres tienen los pechos peque\u00f1os? \u00bfcu\u00e1les son las causas de los pechos peque\u00f1os y qu\u00e9 determina su tama\u00f1o?\",\"breadcrumb\":{\"@id\":\"https:\\\/\\\/www.medespoir.fr\\\/es\\\/blog\\\/por-que-tenemos-pechos-pequenos\\\/#breadcrumb\"},\"inLanguage\":\"es\",\"potentialAction\":[{\"@type\":\"ReadAction\",\"target\":[\"https:\\\/\\\/www.medespoir.fr\\\/es\\\/blog\\\/por-que-tenemos-pechos-pequenos\\\/\"]}]},{\"@type\":\"ImageObject\",\"inLanguage\":\"es\",\"@id\":\"https:\\\/\\\/www.medespoir.fr\\\/es\\\/blog\\\/por-que-tenemos-pechos-pequenos\\\/#primaryimage\",\"url\":\"https:\\\/\\\/www.medespoir.fr\\\/wp-content\\\/uploads\\\/2020\\\/03\\\/Pourquoi-petite-poitrine.jpg\",\"contentUrl\":\"https:\\\/\\\/www.medespoir.fr\\\/wp-content\\\/uploads\\\/2020\\\/03\\\/Pourquoi-petite-poitrine.jpg\",\"width\":2021,\"height\":1347},{\"@type\":\"BreadcrumbList\",\"@id\":\"https:\\\/\\\/www.medespoir.fr\\\/es\\\/blog\\\/por-que-tenemos-pechos-pequenos\\\/#breadcrumb\",\"itemListElement\":[{\"@type\":\"ListItem\",\"position\":1,\"name\":\"Accueil\",\"item\":\"https:\\\/\\\/www.medespoir.fr\\\/es\\\/\"},{\"@type\":\"ListItem\",\"position\":2,\"name\":\"\u00bfPor qu\u00e9 tenemos pechos peque\u00f1os?\"}]},{\"@type\":\"WebSite\",\"@id\":\"https:\\\/\\\/www.medespoir.fr\\\/es\\\/#website\",\"url\":\"https:\\\/\\\/www.medespoir.fr\\\/es\\\/\",\"name\":\"Medespoir France\",\"description\":\"Chirurgie esthetique Tunisie\",\"publisher\":{\"@id\":\"https:\\\/\\\/www.medespoir.fr\\\/es\\\/#organization\"},\"potentialAction\":[{\"@type\":\"SearchAction\",\"target\":{\"@type\":\"EntryPoint\",\"urlTemplate\":\"https:\\\/\\\/www.medespoir.fr\\\/es\\\/?s={search_term_string}\"},\"query-input\":{\"@type\":\"PropertyValueSpecification\",\"valueRequired\":true,\"valueName\":\"search_term_string\"}}],\"inLanguage\":\"es\"},{\"@type\":\"Organization\",\"@id\":\"https:\\\/\\\/www.medespoir.fr\\\/es\\\/#organization\",\"name\":\"Medespoir France\",\"url\":\"https:\\\/\\\/www.medespoir.fr\\\/es\\\/\",\"logo\":{\"@type\":\"ImageObject\",\"inLanguage\":\"es\",\"@id\":\"https:\\\/\\\/www.medespoir.fr\\\/es\\\/#\\\/schema\\\/logo\\\/image\\\/\",\"url\":\"https:\\\/\\\/www.medespoir.fr\\\/wp-content\\\/uploads\\\/2021\\\/10\\\/cropped-logo__medespoirFR.png\",\"contentUrl\":\"https:\\\/\\\/www.medespoir.fr\\\/wp-content\\\/uploads\\\/2021\\\/10\\\/cropped-logo__medespoirFR.png\",\"width\":150,\"height\":62,\"caption\":\"Medespoir France\"},\"image\":{\"@id\":\"https:\\\/\\\/www.medespoir.fr\\\/es\\\/#\\\/schema\\\/logo\\\/image\\\/\"},\"sameAs\":[\"https:\\\/\\\/www.facebook.com\\\/MedEspoirFr\",\"https:\\\/\\\/x.com\\\/MedEspoirTN\"]},{\"@type\":\"Person\",\"@id\":\"https:\\\/\\\/www.medespoir.fr\\\/es\\\/#\\\/schema\\\/person\\\/a010b19448aff47530580ca94c997b50\",\"name\":\"Varden David\",\"image\":{\"@type\":\"ImageObject\",\"inLanguage\":\"es\",\"@id\":\"https:\\\/\\\/secure.gravatar.com\\\/avatar\\\/5989a2164a20cb175ce6a787a079fe56263e1d3e01fa0441939c87d4fb3c8521?s=96&d=mm&r=g\",\"url\":\"https:\\\/\\\/secure.gravatar.com\\\/avatar\\\/5989a2164a20cb175ce6a787a079fe56263e1d3e01fa0441939c87d4fb3c8521?s=96&d=mm&r=g\",\"contentUrl\":\"https:\\\/\\\/secure.gravatar.com\\\/avatar\\\/5989a2164a20cb175ce6a787a079fe56263e1d3e01fa0441939c87d4fb3c8521?s=96&d=mm&r=g\",\"caption\":\"Varden David\"}}]}<\/script>\n<!-- \/ Yoast SEO plugin. -->","yoast_head_json":{"title":"\u00bfPor qu\u00e9 tenemos pechos peque\u00f1os? \u00bfDe qu\u00e9 depende?","description":"\u00bfpor qu\u00e9 algunas mujeres tienen los pechos peque\u00f1os? \u00bfcu\u00e1les son las causas de los pechos peque\u00f1os y qu\u00e9 determina su tama\u00f1o?","robots":{"index":"index","follow":"follow","max-snippet":"max-snippet:-1","max-image-preview":"max-image-preview:large","max-video-preview":"max-video-preview:-1"},"canonical":"https:\/\/www.medespoir.fr\/es\/blog\/por-que-tenemos-pechos-pequenos\/","twitter_misc":{"Escrito por":"Varden David","Tiempo de lectura":"3 minutos"},"schema":{"@context":"https:\/\/schema.org","@graph":[{"@type":["Article","BlogPosting"],"@id":"https:\/\/www.medespoir.fr\/es\/blog\/por-que-tenemos-pechos-pequenos\/#article","isPartOf":{"@id":"https:\/\/www.medespoir.fr\/es\/blog\/por-que-tenemos-pechos-pequenos\/"},"author":{"name":"Varden David","@id":"https:\/\/www.medespoir.fr\/es\/#\/schema\/person\/a010b19448aff47530580ca94c997b50"},"headline":"\u00bfPor qu\u00e9 tenemos pechos peque\u00f1os?","datePublished":"2022-11-28T14:00:53+00:00","dateModified":"2022-12-19T11:17:20+00:00","mainEntityOfPage":{"@id":"https:\/\/www.medespoir.fr\/es\/blog\/por-que-tenemos-pechos-pequenos\/"},"wordCount":432,"publisher":{"@id":"https:\/\/www.medespoir.fr\/es\/#organization"},"image":{"@id":"https:\/\/www.medespoir.fr\/es\/blog\/por-que-tenemos-pechos-pequenos\/#primaryimage"},"thumbnailUrl":"https:\/\/www.medespoir.fr\/wp-content\/uploads\/2020\/03\/Pourquoi-petite-poitrine.jpg","articleSection":["Perder peso","Sin categorizar"],"inLanguage":"es"},{"@type":"WebPage","@id":"https:\/\/www.medespoir.fr\/es\/blog\/por-que-tenemos-pechos-pequenos\/","url":"https:\/\/www.medespoir.fr\/es\/blog\/por-que-tenemos-pechos-pequenos\/","name":"\u00bfPor qu\u00e9 tenemos pechos peque\u00f1os? \u00bfDe qu\u00e9 depende?","isPartOf":{"@id":"https:\/\/www.medespoir.fr\/es\/#website"},"primaryImageOfPage":{"@id":"https:\/\/www.medespoir.fr\/es\/blog\/por-que-tenemos-pechos-pequenos\/#primaryimage"},"image":{"@id":"https:\/\/www.medespoir.fr\/es\/blog\/por-que-tenemos-pechos-pequenos\/#primaryimage"},"thumbnailUrl":"https:\/\/www.medespoir.fr\/wp-content\/uploads\/2020\/03\/Pourquoi-petite-poitrine.jpg","datePublished":"2022-11-28T14:00:53+00:00","dateModified":"2022-12-19T11:17:20+00:00","description":"\u00bfpor qu\u00e9 algunas mujeres tienen los pechos peque\u00f1os? \u00bfcu\u00e1les son las causas de los pechos peque\u00f1os y qu\u00e9 determina su tama\u00f1o?","breadcrumb":{"@id":"https:\/\/www.medespoir.fr\/es\/blog\/por-que-tenemos-pechos-pequenos\/#breadcrumb"},"inLanguage":"es","potentialAction":[{"@type":"ReadAction","target":["https:\/\/www.medespoir.fr\/es\/blog\/por-que-tenemos-pechos-pequenos\/"]}]},{"@type":"ImageObject","inLanguage":"es","@id":"https:\/\/www.medespoir.fr\/es\/blog\/por-que-tenemos-pechos-pequenos\/#primaryimage","url":"https:\/\/www.medespoir.fr\/wp-content\/uploads\/2020\/03\/Pourquoi-petite-poitrine.jpg","contentUrl":"https:\/\/www.medespoir.fr\/wp-content\/uploads\/2020\/03\/Pourquoi-petite-poitrine.jpg","width":2021,"height":1347},{"@type":"BreadcrumbList","@id":"https:\/\/www.medespoir.fr\/es\/blog\/por-que-tenemos-pechos-pequenos\/#breadcrumb","itemListElement":[{"@type":"ListItem","position":1,"name":"Accueil","item":"https:\/\/www.medespoir.fr\/es\/"},{"@type":"ListItem","position":2,"name":"\u00bfPor qu\u00e9 tenemos pechos peque\u00f1os?"}]},{"@type":"WebSite","@id":"https:\/\/www.medespoir.fr\/es\/#website","url":"https:\/\/www.medespoir.fr\/es\/","name":"Medespoir France","description":"Chirurgie esthetique Tunisie","publisher":{"@id":"https:\/\/www.medespoir.fr\/es\/#organization"},"potentialAction":[{"@type":"SearchAction","target":{"@type":"EntryPoint","urlTemplate":"https:\/\/www.medespoir.fr\/es\/?s={search_term_string}"},"query-input":{"@type":"PropertyValueSpecification","valueRequired":true,"valueName":"search_term_string"}}],"inLanguage":"es"},{"@type":"Organization","@id":"https:\/\/www.medespoir.fr\/es\/#organization","name":"Medespoir France","url":"https:\/\/www.medespoir.fr\/es\/","logo":{"@type":"ImageObject","inLanguage":"es","@id":"https:\/\/www.medespoir.fr\/es\/#\/schema\/logo\/image\/","url":"https:\/\/www.medespoir.fr\/wp-content\/uploads\/2021\/10\/cropped-logo__medespoirFR.png","contentUrl":"https:\/\/www.medespoir.fr\/wp-content\/uploads\/2021\/10\/cropped-logo__medespoirFR.png","width":150,"height":62,"caption":"Medespoir France"},"image":{"@id":"https:\/\/www.medespoir.fr\/es\/#\/schema\/logo\/image\/"},"sameAs":["https:\/\/www.facebook.com\/MedEspoirFr","https:\/\/x.com\/MedEspoirTN"]},{"@type":"Person","@id":"https:\/\/www.medespoir.fr\/es\/#\/schema\/person\/a010b19448aff47530580ca94c997b50","name":"Varden David","image":{"@type":"ImageObject","inLanguage":"es","@id":"https:\/\/secure.gravatar.com\/avatar\/5989a2164a20cb175ce6a787a079fe56263e1d3e01fa0441939c87d4fb3c8521?s=96&d=mm&r=g","url":"https:\/\/secure.gravatar.com\/avatar\/5989a2164a20cb175ce6a787a079fe56263e1d3e01fa0441939c87d4fb3c8521?s=96&d=mm&r=g","contentUrl":"https:\/\/secure.gravatar.com\/avatar\/5989a2164a20cb175ce6a787a079fe56263e1d3e01fa0441939c87d4fb3c8521?s=96&d=mm&r=g","caption":"Varden David"}}]}},"_links":{"self":[{"href":"https:\/\/www.medespoir.fr\/es\/wp-json\/wp\/v2\/posts\/24624","targetHints":{"allow":["GET"]}}],"collection":[{"href":"https:\/\/www.medespoir.fr\/es\/wp-json\/wp\/v2\/posts"}],"about":[{"href":"https:\/\/www.medespoir.fr\/es\/wp-json\/wp\/v2\/types\/post"}],"author":[{"embeddable":true,"href":"https:\/\/www.medespoir.fr\/es\/wp-json\/wp\/v2\/users\/1"}],"replies":[{"embeddable":true,"href":"https:\/\/www.medespoir.fr\/es\/wp-json\/wp\/v2\/comments?post=24624"}],"version-history":[{"count":0,"href":"https:\/\/www.medespoir.fr\/es\/wp-json\/wp\/v2\/posts\/24624\/revisions"}],"wp:featuredmedia":[{"embeddable":true,"href":"https:\/\/www.medespoir.fr\/es\/wp-json\/wp\/v2\/media\/22469"}],"wp:attachment":[{"href":"https:\/\/www.medespoir.fr\/es\/wp-json\/wp\/v2\/media?parent=24624"}],"wp:term":[{"taxonomy":"category","embeddable":true,"href":"https:\/\/www.medespoir.fr\/es\/wp-json\/wp\/v2\/categories?post=24624"},{"taxonomy":"post_tag","embeddable":true,"href":"https:\/\/www.medespoir.fr\/es\/wp-json\/wp\/v2\/tags?post=24624"}],"curies":[{"name":"wp","href":"https:\/\/api.w.org\/{rel}","templated":true}]}}